{"id":181,"date":"2021-08-19T10:46:56","date_gmt":"2021-08-19T10:46:56","guid":{"rendered":"http:\/\/evp-slobozia.wsc.ro\/?p=181"},"modified":"2021-11-11T13:06:14","modified_gmt":"2021-11-11T13:06:14","slug":"181","status":"publish","type":"post","link":"https:\/\/depslobozia.ro\/index.php\/2021\/08\/19\/181\/","title":{"rendered":"Atribu\u021bii"},"content":{"rendered":"\n<h4 class=\"has-text-align-center has-white-color has-vivid-cyan-blue-background-color has-text-color has-background wp-block-heading\" style=\"font-size:22px\">Direc\u0163ia public\u0103 local\u0103 de eviden\u0163a persoanelor \u015fi stare civil\u0103 al Municipiului Slobozia are urmatoarele principale atribu\u021bii<\/h4>\n\n\n\n<p class=\"has-text-color\" style=\"color:#324b80;font-size:17px\">\u00centocmeste, pastreaza, tine evidenta, \u00een sistem de ghiseu unic, certificatele de stare civila, cartile de identitate si cartile de alegator.<\/p>\n\n\n\n<p class=\"has-text-color\" style=\"color:#324b80;font-size:17px\">\u00cenregistreaza actele si faptele de stare civila, precum si mentiunile si modificarile intervenite \u00een statutul civil, \u00een domiciliul si resedinta persoanei, \u00een conditiile legii.<\/p>\n\n\n\n<p class=\"has-text-color\" style=\"color:#324b80;font-size:17px\">\u00centocmeste si pastreaza registrele de stare civila, \u00een conditiile legii.<\/p>\n\n\n\n<p class=\"has-text-color\" style=\"color:#324b80;font-size:17px\">\u00centocmeste, completeaza, rectifica, anuleaza sau reconstituie actele de stare civila, precum si orice mentiuni facute pe actele de stare civila si pe actele de identitate, \u00een conditiile legii; actualizeaza, utilizeaza si valorifica Baza de Date Locala, care contine datele de identificare si adresele cetatenilor care au domiciliul \u00een raza de competenta teritoriala a serviciului public comunitar respectiv.<\/p>\n\n\n\n<p class=\"has-text-color\" style=\"color:#324b80;font-size:17px\">Furnizeaza, \u00een cadrul Sistemului National Informatic de Evidenta a Populatiei, datele necesare pentru actualizarea \u201eRegistrului National de Evidenta a Persoanelor\u201d ( R.N.E.P.); furnizeaza, \u00een conditiile legii, la solicitarea autoritatilor si institutiilor publice centrale, judetene si locale, agentilor economici ori a cetatenilor, datele de identificare si de adresa ale populatiei.<\/p>\n\n\n\n<p class=\"has-text-color\" style=\"color:#324b80;font-size:17px\">\u00centocmeste listele electorale permanente, \u00een colaborare cu structurile teritoriale ale Centrului National pentru Administrarea Bazelor de Date de Evidenta a Persoanelor.<\/p>\n\n\n\n<p class=\"has-text-color\" style=\"color:#324b80;font-size:17px\">Constata contraventiile si aplica sanctiuni, \u00een conditiile legii.<\/p>\n\n\n\n<p class=\"has-text-color\" style=\"color:#324b80;font-size:17px\">Tine registrele de evidenta pentru fiecare categorie de documente eliberate; \u00eendeplineste si alte atributii stabilite prin reglementari legale.<\/p>\n\n\n\n<h4 class=\"has-text-align-center has-white-color has-vivid-cyan-blue-background-color has-text-color has-background wp-block-heading\" style=\"font-size:18px\">Furnizarea unor date din Registrul National de Evidenta a Persoanelor<\/h4>\n\n\n\n<h5 class=\"has-text-color has-normal-font-size wp-block-heading\" style=\"color:#324b80\">Persoanele fizice sau juridice pot solicita, \u00een baza unor cereri scrise motivate, comunicarea unor date cu caracter personal din Registrul national de evidenta a persoanelor, referitoare la:<\/h5>\n\n\n\n<ul class=\"has-text-color wp-block-list\" style=\"color:#324b80;font-size:17px\"><li>Date de stare civila (numele, prenumele, data si locul nasterii, c\u00e2t si prenumele parintilor persoanelor \u00een cauza).<\/li><li>Date referitoare la actele de identitate eliberate persoanelor despre care sunt solicitate informatii.<\/li><li>date referitoare la domiciliile si resedintele acordate.<\/li><li>Date referitoare la codul numeric personal atribuit.<\/li><\/ul>\n\n\n\n<p class=\"has-text-color\" style=\"color:#324b80;font-size:17px\">\u00cen situatia \u00een care o persoana fizica solicita transmiterea unor date cu caracter personal, prin intermediul unui cabinet individual de avocatura, este necesara formularea unei cereri scrise \u00een acest sens, ce va fi depusa, spre competenta solutionare, la serviciul public comunitar de evidenta a persoanelor pe raza caruia se afla sediul acestui cabinet sau, dupa caz, la serviciul public comunitar de evidenta a persoanelor pe raza caruia domiciliaza persoana fizica ale carei date sunt solicitate.<\/p>\n\n\n\n<p class=\"has-text-color\" style=\"color:#324b80;font-size:17px\">Activitatea de furnizare a unor date cu caracter personal din Registrul national de evidenta a persoanelor este reglementata de OUG nr.97\/2005 privind evidenta, domiciliul, resedinta si actele de identitate ale cetatenilor romani, aprobata cu modificari si completari prin Legea nr. 290\/2005, cu modificarile si completarile ulterioare, precum si de Regulamentul (UE) 2016\/679 al Parlamentului European \u015fi al Consiliului privind protec\u0163ia persoanelor fizice \u00een ceea ce prive\u015fte prelucrarea datelor cu caracter personal si libera circulatie a acestor date \u015fi de abrogare a Directivei 95\/46\/CE. Potrivit acestor acte normative, furnizarea unor date cu caracter personal se poate realiza numai dupa obtinerea, \u00een prealabil, a consimtam\u00e2ntului scris al persoanelor vizate. Consimt\u0103m\u00e2ntul persoanelor vizate nu este necesar atunci c\u00e2nd exista un temei legal justificat.<\/p>\n\n\n\n<p class=\"has-text-color\" style=\"color:#324b80;font-size:17px\">Se considera temei legal justificat, solicitarile unor date cu caracter personal primite din partea organelor de politie, Ministerului Apararii , Serviciului Rom\u00e2n de Informatii, Parchetului, Justitiei, institutilor specializate de ocrotire sociala cu privire la minori sau alte persoane \u00eendreptatite la ocrotire, persoane fizice ale caror interese legitime sunt probate prin \u00eenscrisuri ce fac dovada temeiului legal justificat, persoanelor fizice care solicita comunicarea unor date proprii de evidenta persoanelor etc.<\/p>\n\n\n\n<h4 class=\"has-text-align-center has-white-color has-vivid-cyan-blue-background-color has-text-color has-background wp-block-heading\" style=\"font-size:18px\">Serviciul de Stare Civil\u0103<\/h4>\n\n\n\n<p class=\"has-text-color\" style=\"color:#324b80;font-size:17px\">Atribu\u0163ii specifice:<\/p>\n\n\n\n<h5 class=\"has-text-color has-normal-font-size wp-block-heading\" style=\"color:#324b80\">Acte necesare \u00een vederea \u00eenregistr\u0103rii na\u0219terii unui nou-n\u0103scut<\/h5>\n\n\n\n<ul class=\"has-text-color wp-block-list\" style=\"color:#324b80;font-size:17px\"><li>Certificatul medical constatator al nasterii, \u00eentocmit pe formular tip.<\/li><li>Actul de identitate al mamei \u015fi\/sau al declarantului, dac\u0103 na\u015fterea nu este declarat\u0103 de mam\u0103, \u00een original \u015fi \u00een fotocopie.<\/li><li>Certificatul de casatorie al parintilor copilului, \u00een original \u015fi \u00een fotocopie, daca sunt casatoriti.<\/li><\/ul>\n\n\n\n<p class=\"has-text-color\" style=\"color:#324b80;font-size:17px\">Dac\u0103 p\u0103rin\u0163ii nu au nume de familie comun sau exist\u0103 neconcordan\u0163e \u00eentre prenumele copilului trecut \u00een certificatul medical constatator al na\u015fterii \u015fi declara\u0163ia verbal\u0103 a declarantului, \u00eentocmirea actului de na\u015ftere se face pe baza declara\u0163iei scrise \u015fi semnate de ambii p\u0103rin\u0163i, din care s\u0103 rezulte numele de familie \u015fi prenumele copilului.<\/p>\n\n\n\n<p class=\"has-text-color\" style=\"color:#324b80;font-size:17px\">Declararea na\u015fterii \u00een cazul nou-n\u0103scu\u0163ilor, se face \u00een termen de 15 zile de la data producerii evenimentului, pentru copilul n\u0103scut viu \u015fi aflat \u00een via\u0163\u0103, la structura de stare civil\u0103 din cadrul serviciului public comunitar local de eviden\u0163\u0103 a persoanelor \u00een a c\u0103rei raz\u0103 s-a produs evenimentul.<\/p>\n\n\n\n<p class=\"has-text-color\" style=\"color:#324b80;font-size:17px\">C\u00e2nd declara\u0163ia de na\u015ftere a fost f\u0103cut\u0103 dup\u0103 expirarea termenlor, \u00een\u0103untrul termenului de un an de la na\u015ftere, \u00eentocmirea actului de na\u015ftere se face cu aprobarea primarului.<\/p>\n\n\n\n<p class=\"has-text-color\" style=\"color:#324b80;font-size:17px\">C\u00e2nd declara\u0163ia a fost f\u0103cut\u0103 dup\u0103 trecerea unui an de la data na\u015fterii, \u00eentocmirea actului se face \u00een baza hot\u0103r\u00e2rii judec\u0103tore\u015fti definitive \u015fi irevocabile, care trebuie s\u0103 con\u0163in\u0103 toate datele necesare \u00eentocmirii actului de na\u015ftere.<\/p>\n\n\n\n<h5 class=\"has-white-color has-vivid-cyan-blue-background-color has-text-color has-background wp-block-heading\" style=\"font-size:17px\">Acte necesare \u00een vederea \u00eencheierii c\u0103s\u0103toriei<\/h5>\n\n\n\n<p class=\"has-text-color\" style=\"color:#324b80;font-size:17px\">Declaratia de casatorie se face personal, de c\u0103tre viitorii so\u0163i, \u00een scris.<\/p>\n\n\n\n<p class=\"has-text-color\" style=\"color:#324b80;font-size:17px\">Odat\u0103 cu declara\u0163ia de c\u0103s\u0103torie viitorii so\u0163i prezint\u0103 urm\u0103toarele acte:<\/p>\n\n\n\n<ul class=\"has-text-color wp-block-list\" style=\"color:#324b80;font-size:17px\"><li>Documentul cu care se face dovada identit\u0103\u0163ii, \u00een original \u015fi \u00een copie.<\/li><li>Certificatul de na\u015ftere, \u00een original \u015fi \u00een copie.<\/li><li>Certificatul medical privind starea s\u0103n\u0103t\u0103\u0163ii, \u00eentocmit pe formular tip- certificatele medicale sunt valabile 14 zile de la date emiterii \u015fi trebuie s\u0103 cuprind\u0103 men\u0163iunea expres\u0103 c\u0103 persoana se poate sau nu se poate c\u0103s\u0103tori.<\/li><li>Documente, \u00een original \u015fi \u00een copii, traduse \u015fi legalizate ori certificate de ofi\u0163erul de stare civil\u0103, din care s\u0103 rezulte desfacerea c\u0103s\u0103toriei anterioare, dac\u0103 este cazul.<\/li><\/ul>\n\n\n\n<p class=\"has-text-color\" style=\"color:#324b80\">C\u0103s\u0103toria se \u00eencheie dup\u0103 10 zile de la afi\u015farea declara\u0163iei de c\u0103s\u0103torie, termen \u00een care se cuprind at\u00e2t data afi\u015f\u0103rii, c\u00e2t \u015fi data \u00eencheierii c\u0103s\u0103toriei.<\/p>\n\n\n\n<h5 class=\"has-white-color has-vivid-cyan-blue-background-color has-text-color has-background wp-block-heading\" style=\"font-size:17px\">Acte necesare \u00een vederea \u00eenregistr\u0103rii decesului<\/h5>\n\n\n\n<ul class=\"has-text-color wp-block-list\" style=\"color:#324b80;font-size:17px\"><li>Certificatul medical constatator al decesului \u00eentocmit pe formular tip.<\/li><li>Actul de identitate al decedatului.<\/li><li>Livretul militar sau, dup\u0103 caz, adeverinta de recrutare, a celui decedat.<\/li><li>Certificat de nastere \u015fi de c\u0103s\u0103torie, dup\u0103 caz.<\/li><li>Actul de identitate al declarantului, original \u015fi fotocopie.<\/li><\/ul>\n\n\n\n<p class=\"has-text-color\" style=\"color:#324b80;font-size:17px\">\u00centocmirea actului de deces se face la serviciul public comunitar local de eviden\u0163\u0103 a persoanelor \u00een a c\u0103rei raz\u0103 s-a produs decesul.<\/p>\n\n\n\n<p class=\"has-text-color\" style=\"color:#324b80;font-size:17px\">Declararea decesului se face \u00een termen de 3 zile de la data \u00eencet\u0103rii din via\u0163\u0103 a persoanei. \u00een acest termen se cuprind at\u00e2t ziua \u00een care s-a produs decesul, c\u00e2t \u015fi ziua \u00een care se face declara\u0163ia.<\/p>\n\n\n\n<p class=\"has-text-color\" style=\"color:#324b80;font-size:17px\">In cazul in care decesul nu a fost declarat in termen, intocmirea actului de deces se face cu aprobarea Parchetului.<\/p>\n\n\n\n<p class=\"has-text-color\" style=\"color:#324b80;font-size:17px\">\u00eenregistrarea actelor de stare civil\u0103 ale cet\u0103\u0163enilor rom\u00e2ni \u00eencheiate \u00een str\u0103in\u0103tate<\/p>\n\n\n\n<p class=\"has-text-color\" style=\"color:#324b80;font-size:17px\">Actele de stare civil\u0103 ale cet\u0103\u0163enilor rom\u00e2ni, \u00eentocmite \u00een str\u0103in\u0103tate la autorit\u0103\u0163ile locale competente, se transcriu, obligatoriu, \u00een registrele de stare civil\u0103 rom\u00e2ne, \u00een termen de 6 luni de la \u00eentoarcerea \u00een \u0163ar\u0103 sau de la primirea din str\u0103in\u0103tate a certificatului ori extrasului de stare civil\u0103.<\/p>\n\n\n\n<p class=\"has-text-color\" style=\"color:#324b80;font-size:17px\">Cererea de transcriere se depune la serviciul public comunitar local de eviden\u0163\u0103 a persoanelor de la locul de domiciliu al solicitantului \u015fi se face \u00een nume propriu, prin \u00eemputernicit cu procur\u0103 special\u0103.<\/p>\n\n\n\n<p class=\"has-text-color\" style=\"color:#324b80;font-size:17px\">Documentele administrative emise de autorit\u0103\u0163ile str\u0103ine, prezentate pentru \u00eenegistrarea \u00een registrele de stare civil\u0103 rom\u00e2ne, precum \u015fi traducerile acestora, care sunt f\u0103cute la un notar public din str\u0103in\u0103tate, trebuie s\u0103 \u00eendeplineasc\u0103 urm\u0103toarele condi\u0163ii:<\/p>\n\n\n\n<p class=\"has-text-color\" style=\"color:#324b80;font-size:17px\">a) documentele eliberate de institu\u0163ii ale statelor semnatare ale Conven\u0163iei de la Haga din 5.10.1961 se apostileaz\u0103;<\/p>\n\n\n\n<p class=\"has-text-color\" style=\"color:#324b80;font-size:17px\">b) documentele eliberate de statele cu care Rom\u00e2nia a \u00eencheiat tratate\/conven\u0163ii\/acorduri de asisten\u0163\u0103 judiciar\u0103 sunt scutite de supraleglizare, apostilare sau orice alt\u0103 formalitate;<\/p>\n\n\n\n<p class=\"has-text-color\" style=\"color:#324b80;font-size:17px\">c) documentele care nu se reg\u0103sesc \u00een una dintre situa\u0163iile anterioare se supralegalizeaz\u0103.<\/p>\n\n\n\n<p class=\"has-text-color\" style=\"color:#324b80;font-size:17px\">Cererea de transcriere este \u00eenso\u0163it\u0103 de certificatul sau extrasul de stare civil\u0103 eliberat de autorit\u0103\u0163ile str\u0103ine, \u00een original, fotocopie \u015fi traducere legalizat\u0103, precum \u015fi, dup\u0103 caz, de urm\u0103toarele documente:<\/p>\n\n\n\n<p class=\"has-text-color\" style=\"color:#324b80;font-size:17px\">a) fotocopii ale certificatelor de na\u015ftere \u015fi de c\u0103s\u0103torie, fotocopii ale actului de identitate sau pa\u015faportului, dup\u0103 caz;<\/p>\n\n\n\n<p class=\"has-text-color\" style=\"color:#324b80;font-size:17px\">b) declara\u0163ii notariale, din partea ambilor so\u0163i, dac\u0103 sunt cet\u0103\u0163eni rom\u00e2ni, sau numai a so\u0163ului cet\u0103\u0163ean rom\u00e2n, cu privire la numele purtat dup\u0103 c\u0103s\u0103torie, \u00een situa\u0163ia \u00een care \u00een certificatul\/extrasul de c\u0103s\u0103torie procurat din str\u0103in\u0103tate nu se face referire la numele so\u0163ilor dup\u0103 c\u0103s\u0103torie;<\/p>\n\n\n\n<p class=\"has-text-color\" style=\"color:#324b80;font-size:17px\">c) declara\u0163ia din partea p\u0103rintelui care solicit\u0103 transcrierea certificatului de na\u015ftere al copilului, \u00een cazul \u00een care p\u0103rin\u0163ii acestuia au domicilii diferite;<\/p>\n\n\n\n<p class=\"has-text-color\" style=\"color:#324b80;font-size:17px\">d) declara\u0163ia din partea titularului actului ori a reprezentantului legal c\u0103 nu mai exist\u0103 un alt act transcris\/\u00eenscris sau reconstituit.<\/p>\n\n\n\n<h5 class=\"has-white-color has-vivid-cyan-blue-background-color has-text-color has-background wp-block-heading\" style=\"font-size:17px\">Eliberarea certificatelor de stare civil\u0103<\/h5>\n\n\n\n<p class=\"has-text-color\" style=\"color:#324b80;font-size:17px\">Certificatele de stare civil\u0103 se eliberaz\u0103 la cerere, persoanei \u00eendrept\u0103\u0163ite, personal, prin \u00eemputernicit cu procur\u0103 special\u0103.<\/p>\n\n\n\n<p class=\"has-text-color\" style=\"color:#324b80;font-size:17px\">Certificatul de na\u015ftere se eliberaz\u0103 titularului actului sau persoanei \u00eemputernicite cu procur\u0103 special\u0103, pentru persoanele de peste 18 ani posesoare de acte de identitate. Actul de identitate trbuie s\u0103 fie \u00een termen de valabilitate.<\/p>\n\n\n\n<p class=\"has-text-color\" style=\"color:#324b80;font-size:17px\">Pentru minorii care nu au acte de identitate, precum \u015fi pentru cei pu\u015fi sub interdic\u0163ie, certificatul de na\u015ftere se eliberaz\u0103 p\u0103rintelui sau reprezentantului legal.<\/p>\n\n\n\n<p class=\"has-text-color\" style=\"color:#324b80;font-size:17px\">Certificatul de c\u0103s\u0103torie se poate elibera unuia dintre so\u0163i sau, la cerere, ambilor so\u0163i.<\/p>\n\n\n\n<p class=\"has-text-color\" style=\"color:#324b80;font-size:17px\">Certificatul de deces se elibereaz\u0103 membrilor familiei sau altor personae \u00eendrept\u0103\u0163ite.<\/p>\n\n\n\n<p class=\"has-text-color\" style=\"color:#324b80;font-size:17px\">Eliberarea altor certificate \u00een locul celor pierdute, sustrase, distruse sau deteriorate este supus\u0103 taxei de timbru, potrivit legii.<\/p>\n","protected":false},"excerpt":{"rendered":"<p>Direc\u0163ia public\u0103 local\u0103 de eviden\u0163a persoanelor \u015fi stare civil\u0103 al Municipiului Slobozia are urmatoarele principale atribu\u021bii \u00centocmeste, pastreaza, tine evidenta, \u00een sistem de ghiseu unic, certificatele de stare civila, cartile de identitate si cartile de alegator. \u00cenregistreaza actele si faptele de stare civila, precum si mentiunile si modificarile intervenite \u00een statutul civil, \u00een domiciliul si &hellip;<br \/><a href=\"https:\/\/depslobozia.ro\/index.php\/2021\/08\/19\/181\/\" class=\"more-link pen_button pen_element_default pen_icon_arrow_double\">Cite\u0219te mai mult<\/a><\/p>\n","protected":false},"author":1,"featured_media":1214,"comment_status":"closed","ping_status":"open","sticky":false,"template":"","format":"standard","meta":{"footnotes":""},"categories":[17],"tags":[],"class_list":["post-181","post","type-post","status-publish","format-standard","has-post-thumbnail","hentry","category-atributii"],"yoast_head":"<!-- This site is optimized with the Yoast SEO plugin v27.5 - https:\/\/yoast.com\/product\/yoast-seo-wordpress\/ -->\r\n<title>Atribu\u021bii - SERVICIUL PUBLIC COMUNITAR LOCAL DE EVIDEN\u0162A A PERSOANELOR SLOBOZIA<\/title>\r\n<meta name=\"description\" content=\"Directia de Evidenta a Persoanelor Slobozia elibereaza si tine evidenta, actelor, certificatelor de stare civil\u0103\" \/>\r\n<meta name=\"robots\" content=\"index, follow, max-snippet:-1, max-image-preview:large, max-video-preview:-1\" \/>\r\n<link rel=\"canonical\" href=\"https:\/\/depslobozia.ro\/index.php\/2021\/08\/19\/181\/\" \/>\r\n<meta property=\"og:locale\" content=\"ro_RO\" \/>\r\n<meta property=\"og:type\" content=\"article\" \/>\r\n<meta property=\"og:title\" content=\"Atribu\u021bii - SERVICIUL PUBLIC COMUNITAR LOCAL DE EVIDEN\u0162A A PERSOANELOR SLOBOZIA\" \/>\r\n<meta property=\"og:description\" content=\"Directia de Evidenta a Persoanelor Slobozia elibereaza si tine evidenta, actelor, certificatelor de stare civil\u0103\" \/>\r\n<meta property=\"og:url\" content=\"https:\/\/depslobozia.ro\/index.php\/2021\/08\/19\/181\/\" \/>\r\n<meta property=\"og:site_name\" content=\"SERVICIUL PUBLIC COMUNITAR LOCAL DE EVIDEN\u0162A A PERSOANELOR SLOBOZIA\" \/>\r\n<meta property=\"article:published_time\" content=\"2021-08-19T10:46:56+00:00\" \/>\r\n<meta property=\"article:modified_time\" content=\"2021-11-11T13:06:14+00:00\" \/>\r\n<meta property=\"og:image\" content=\"https:\/\/depslobozia.ro\/wp-content\/uploads\/2021\/08\/atributii.jpg\" \/>\r\n\t<meta property=\"og:image:width\" content=\"512\" \/>\r\n\t<meta property=\"og:image:height\" content=\"341\" \/>\r\n\t<meta property=\"og:image:type\" content=\"image\/jpeg\" \/>\r\n<meta name=\"author\" content=\"directorevpslobozia\" \/>\r\n<meta name=\"twitter:card\" content=\"summary_large_image\" \/>\r\n<meta name=\"twitter:label1\" content=\"Scris de\" \/>\n\t<meta name=\"twitter:data1\" content=\"directorevpslobozia\" \/>\n\t<meta name=\"twitter:label2\" content=\"Timp estimat pentru citire\" \/>\n\t<meta name=\"twitter:data2\" content=\"7 minute\" \/>\r\n<script type=\"application\/ld+json\" class=\"yoast-schema-graph\">{\"@context\":\"https:\\\/\\\/schema.org\",\"@graph\":[{\"@type\":\"Article\",\"@id\":\"https:\\\/\\\/depslobozia.ro\\\/index.php\\\/2021\\\/08\\\/19\\\/181\\\/#article\",\"isPartOf\":{\"@id\":\"https:\\\/\\\/depslobozia.ro\\\/index.php\\\/2021\\\/08\\\/19\\\/181\\\/\"},\"author\":{\"name\":\"directorevpslobozia\",\"@id\":\"https:\\\/\\\/depslobozia.ro\\\/#\\\/schema\\\/person\\\/66e7a6571cee5caa64ee827999f5ac35\"},\"headline\":\"Atribu\u021bii\",\"datePublished\":\"2021-08-19T10:46:56+00:00\",\"dateModified\":\"2021-11-11T13:06:14+00:00\",\"mainEntityOfPage\":{\"@id\":\"https:\\\/\\\/depslobozia.ro\\\/index.php\\\/2021\\\/08\\\/19\\\/181\\\/\"},\"wordCount\":1627,\"publisher\":{\"@id\":\"https:\\\/\\\/depslobozia.ro\\\/#organization\"},\"image\":{\"@id\":\"https:\\\/\\\/depslobozia.ro\\\/index.php\\\/2021\\\/08\\\/19\\\/181\\\/#primaryimage\"},\"thumbnailUrl\":\"https:\\\/\\\/depslobozia.ro\\\/wp-content\\\/uploads\\\/2021\\\/08\\\/atributii.jpg\",\"articleSection\":[\"Atribu\u021bii\"],\"inLanguage\":\"ro-RO\"},{\"@type\":\"WebPage\",\"@id\":\"https:\\\/\\\/depslobozia.ro\\\/index.php\\\/2021\\\/08\\\/19\\\/181\\\/\",\"url\":\"https:\\\/\\\/depslobozia.ro\\\/index.php\\\/2021\\\/08\\\/19\\\/181\\\/\",\"name\":\"Atribu\u021bii - SERVICIUL PUBLIC COMUNITAR LOCAL DE EVIDEN\u0162A A PERSOANELOR SLOBOZIA\",\"isPartOf\":{\"@id\":\"https:\\\/\\\/depslobozia.ro\\\/#website\"},\"primaryImageOfPage\":{\"@id\":\"https:\\\/\\\/depslobozia.ro\\\/index.php\\\/2021\\\/08\\\/19\\\/181\\\/#primaryimage\"},\"image\":{\"@id\":\"https:\\\/\\\/depslobozia.ro\\\/index.php\\\/2021\\\/08\\\/19\\\/181\\\/#primaryimage\"},\"thumbnailUrl\":\"https:\\\/\\\/depslobozia.ro\\\/wp-content\\\/uploads\\\/2021\\\/08\\\/atributii.jpg\",\"datePublished\":\"2021-08-19T10:46:56+00:00\",\"dateModified\":\"2021-11-11T13:06:14+00:00\",\"description\":\"Directia de Evidenta a Persoanelor Slobozia elibereaza si tine evidenta, actelor, certificatelor de stare civil\u0103\",\"breadcrumb\":{\"@id\":\"https:\\\/\\\/depslobozia.ro\\\/index.php\\\/2021\\\/08\\\/19\\\/181\\\/#breadcrumb\"},\"inLanguage\":\"ro-RO\",\"potentialAction\":[{\"@type\":\"ReadAction\",\"target\":[\"https:\\\/\\\/depslobozia.ro\\\/index.php\\\/2021\\\/08\\\/19\\\/181\\\/\"]}]},{\"@type\":\"ImageObject\",\"inLanguage\":\"ro-RO\",\"@id\":\"https:\\\/\\\/depslobozia.ro\\\/index.php\\\/2021\\\/08\\\/19\\\/181\\\/#primaryimage\",\"url\":\"https:\\\/\\\/depslobozia.ro\\\/wp-content\\\/uploads\\\/2021\\\/08\\\/atributii.jpg\",\"contentUrl\":\"https:\\\/\\\/depslobozia.ro\\\/wp-content\\\/uploads\\\/2021\\\/08\\\/atributii.jpg\",\"width\":512,\"height\":341},{\"@type\":\"BreadcrumbList\",\"@id\":\"https:\\\/\\\/depslobozia.ro\\\/index.php\\\/2021\\\/08\\\/19\\\/181\\\/#breadcrumb\",\"itemListElement\":[{\"@type\":\"ListItem\",\"position\":1,\"name\":\"Prima pagin\u0103\",\"item\":\"https:\\\/\\\/depslobozia.ro\\\/\"},{\"@type\":\"ListItem\",\"position\":2,\"name\":\"Atribu\u021bii\"}]},{\"@type\":\"WebSite\",\"@id\":\"https:\\\/\\\/depslobozia.ro\\\/#website\",\"url\":\"https:\\\/\\\/depslobozia.ro\\\/\",\"name\":\"DIREC\u0162IA DE EVIDEN\u0162A PERSOANELOR SLOBOZIA\",\"description\":\"Municipiul SLOBOZIA\",\"publisher\":{\"@id\":\"https:\\\/\\\/depslobozia.ro\\\/#organization\"},\"potentialAction\":[{\"@type\":\"SearchAction\",\"target\":{\"@type\":\"EntryPoint\",\"urlTemplate\":\"https:\\\/\\\/depslobozia.ro\\\/?s={search_term_string}\"},\"query-input\":{\"@type\":\"PropertyValueSpecification\",\"valueRequired\":true,\"valueName\":\"search_term_string\"}}],\"inLanguage\":\"ro-RO\"},{\"@type\":\"Organization\",\"@id\":\"https:\\\/\\\/depslobozia.ro\\\/#organization\",\"name\":\"Directia de Evidenta Persoanelor Slobozia\",\"url\":\"https:\\\/\\\/depslobozia.ro\\\/\",\"logo\":{\"@type\":\"ImageObject\",\"inLanguage\":\"ro-RO\",\"@id\":\"https:\\\/\\\/depslobozia.ro\\\/#\\\/schema\\\/logo\\\/image\\\/\",\"url\":\"https:\\\/\\\/depslobozia.ro\\\/wp-content\\\/uploads\\\/2021\\\/10\\\/StemSlobozia.png\",\"contentUrl\":\"https:\\\/\\\/depslobozia.ro\\\/wp-content\\\/uploads\\\/2021\\\/10\\\/StemSlobozia.png\",\"width\":68,\"height\":90,\"caption\":\"Directia de Evidenta Persoanelor Slobozia\"},\"image\":{\"@id\":\"https:\\\/\\\/depslobozia.ro\\\/#\\\/schema\\\/logo\\\/image\\\/\"}},{\"@type\":\"Person\",\"@id\":\"https:\\\/\\\/depslobozia.ro\\\/#\\\/schema\\\/person\\\/66e7a6571cee5caa64ee827999f5ac35\",\"name\":\"directorevpslobozia\",\"image\":{\"@type\":\"ImageObject\",\"inLanguage\":\"ro-RO\",\"@id\":\"https:\\\/\\\/secure.gravatar.com\\\/avatar\\\/6f1e69ba319b6b2ee6ee35873e2231dfb9a863d59d1b2d490f20391bffe999ca?s=96&d=mm&r=g\",\"url\":\"https:\\\/\\\/secure.gravatar.com\\\/avatar\\\/6f1e69ba319b6b2ee6ee35873e2231dfb9a863d59d1b2d490f20391bffe999ca?s=96&d=mm&r=g\",\"contentUrl\":\"https:\\\/\\\/secure.gravatar.com\\\/avatar\\\/6f1e69ba319b6b2ee6ee35873e2231dfb9a863d59d1b2d490f20391bffe999ca?s=96&d=mm&r=g\",\"caption\":\"directorevpslobozia\"},\"sameAs\":[\"http:\\\/\\\/evp-slobozia.wsc.ro\"],\"url\":\"https:\\\/\\\/depslobozia.ro\\\/index.php\\\/author\\\/directorevpslobozia\\\/\"}]}<\/script>\r\n<!-- \/ Yoast SEO plugin. -->","yoast_head_json":{"title":"Atribu\u021bii - SERVICIUL PUBLIC COMUNITAR LOCAL DE EVIDEN\u0162A A PERSOANELOR SLOBOZIA","description":"Directia de Evidenta a Persoanelor Slobozia elibereaza si tine evidenta, actelor, certificatelor de stare civil\u0103","robots":{"index":"index","follow":"follow","max-snippet":"max-snippet:-1","max-image-preview":"max-image-preview:large","max-video-preview":"max-video-preview:-1"},"canonical":"https:\/\/depslobozia.ro\/index.php\/2021\/08\/19\/181\/","og_locale":"ro_RO","og_type":"article","og_title":"Atribu\u021bii - SERVICIUL PUBLIC COMUNITAR LOCAL DE EVIDEN\u0162A A PERSOANELOR SLOBOZIA","og_description":"Directia de Evidenta a Persoanelor Slobozia elibereaza si tine evidenta, actelor, certificatelor de stare civil\u0103","og_url":"https:\/\/depslobozia.ro\/index.php\/2021\/08\/19\/181\/","og_site_name":"SERVICIUL PUBLIC COMUNITAR LOCAL DE EVIDEN\u0162A A PERSOANELOR SLOBOZIA","article_published_time":"2021-08-19T10:46:56+00:00","article_modified_time":"2021-11-11T13:06:14+00:00","og_image":[{"width":512,"height":341,"url":"https:\/\/depslobozia.ro\/wp-content\/uploads\/2021\/08\/atributii.jpg","type":"image\/jpeg"}],"author":"directorevpslobozia","twitter_card":"summary_large_image","twitter_misc":{"Scris de":"directorevpslobozia","Timp estimat pentru citire":"7 minute"},"schema":{"@context":"https:\/\/schema.org","@graph":[{"@type":"Article","@id":"https:\/\/depslobozia.ro\/index.php\/2021\/08\/19\/181\/#article","isPartOf":{"@id":"https:\/\/depslobozia.ro\/index.php\/2021\/08\/19\/181\/"},"author":{"name":"directorevpslobozia","@id":"https:\/\/depslobozia.ro\/#\/schema\/person\/66e7a6571cee5caa64ee827999f5ac35"},"headline":"Atribu\u021bii","datePublished":"2021-08-19T10:46:56+00:00","dateModified":"2021-11-11T13:06:14+00:00","mainEntityOfPage":{"@id":"https:\/\/depslobozia.ro\/index.php\/2021\/08\/19\/181\/"},"wordCount":1627,"publisher":{"@id":"https:\/\/depslobozia.ro\/#organization"},"image":{"@id":"https:\/\/depslobozia.ro\/index.php\/2021\/08\/19\/181\/#primaryimage"},"thumbnailUrl":"https:\/\/depslobozia.ro\/wp-content\/uploads\/2021\/08\/atributii.jpg","articleSection":["Atribu\u021bii"],"inLanguage":"ro-RO"},{"@type":"WebPage","@id":"https:\/\/depslobozia.ro\/index.php\/2021\/08\/19\/181\/","url":"https:\/\/depslobozia.ro\/index.php\/2021\/08\/19\/181\/","name":"Atribu\u021bii - SERVICIUL PUBLIC COMUNITAR LOCAL DE EVIDEN\u0162A A PERSOANELOR SLOBOZIA","isPartOf":{"@id":"https:\/\/depslobozia.ro\/#website"},"primaryImageOfPage":{"@id":"https:\/\/depslobozia.ro\/index.php\/2021\/08\/19\/181\/#primaryimage"},"image":{"@id":"https:\/\/depslobozia.ro\/index.php\/2021\/08\/19\/181\/#primaryimage"},"thumbnailUrl":"https:\/\/depslobozia.ro\/wp-content\/uploads\/2021\/08\/atributii.jpg","datePublished":"2021-08-19T10:46:56+00:00","dateModified":"2021-11-11T13:06:14+00:00","description":"Directia de Evidenta a Persoanelor Slobozia elibereaza si tine evidenta, actelor, certificatelor de stare civil\u0103","breadcrumb":{"@id":"https:\/\/depslobozia.ro\/index.php\/2021\/08\/19\/181\/#breadcrumb"},"inLanguage":"ro-RO","potentialAction":[{"@type":"ReadAction","target":["https:\/\/depslobozia.ro\/index.php\/2021\/08\/19\/181\/"]}]},{"@type":"ImageObject","inLanguage":"ro-RO","@id":"https:\/\/depslobozia.ro\/index.php\/2021\/08\/19\/181\/#primaryimage","url":"https:\/\/depslobozia.ro\/wp-content\/uploads\/2021\/08\/atributii.jpg","contentUrl":"https:\/\/depslobozia.ro\/wp-content\/uploads\/2021\/08\/atributii.jpg","width":512,"height":341},{"@type":"BreadcrumbList","@id":"https:\/\/depslobozia.ro\/index.php\/2021\/08\/19\/181\/#breadcrumb","itemListElement":[{"@type":"ListItem","position":1,"name":"Prima pagin\u0103","item":"https:\/\/depslobozia.ro\/"},{"@type":"ListItem","position":2,"name":"Atribu\u021bii"}]},{"@type":"WebSite","@id":"https:\/\/depslobozia.ro\/#website","url":"https:\/\/depslobozia.ro\/","name":"DIREC\u0162IA DE EVIDEN\u0162A PERSOANELOR SLOBOZIA","description":"Municipiul SLOBOZIA","publisher":{"@id":"https:\/\/depslobozia.ro\/#organization"},"potentialAction":[{"@type":"SearchAction","target":{"@type":"EntryPoint","urlTemplate":"https:\/\/depslobozia.ro\/?s={search_term_string}"},"query-input":{"@type":"PropertyValueSpecification","valueRequired":true,"valueName":"search_term_string"}}],"inLanguage":"ro-RO"},{"@type":"Organization","@id":"https:\/\/depslobozia.ro\/#organization","name":"Directia de Evidenta Persoanelor Slobozia","url":"https:\/\/depslobozia.ro\/","logo":{"@type":"ImageObject","inLanguage":"ro-RO","@id":"https:\/\/depslobozia.ro\/#\/schema\/logo\/image\/","url":"https:\/\/depslobozia.ro\/wp-content\/uploads\/2021\/10\/StemSlobozia.png","contentUrl":"https:\/\/depslobozia.ro\/wp-content\/uploads\/2021\/10\/StemSlobozia.png","width":68,"height":90,"caption":"Directia de Evidenta Persoanelor Slobozia"},"image":{"@id":"https:\/\/depslobozia.ro\/#\/schema\/logo\/image\/"}},{"@type":"Person","@id":"https:\/\/depslobozia.ro\/#\/schema\/person\/66e7a6571cee5caa64ee827999f5ac35","name":"directorevpslobozia","image":{"@type":"ImageObject","inLanguage":"ro-RO","@id":"https:\/\/secure.gravatar.com\/avatar\/6f1e69ba319b6b2ee6ee35873e2231dfb9a863d59d1b2d490f20391bffe999ca?s=96&d=mm&r=g","url":"https:\/\/secure.gravatar.com\/avatar\/6f1e69ba319b6b2ee6ee35873e2231dfb9a863d59d1b2d490f20391bffe999ca?s=96&d=mm&r=g","contentUrl":"https:\/\/secure.gravatar.com\/avatar\/6f1e69ba319b6b2ee6ee35873e2231dfb9a863d59d1b2d490f20391bffe999ca?s=96&d=mm&r=g","caption":"directorevpslobozia"},"sameAs":["http:\/\/evp-slobozia.wsc.ro"],"url":"https:\/\/depslobozia.ro\/index.php\/author\/directorevpslobozia\/"}]}},"_links":{"self":[{"href":"https:\/\/depslobozia.ro\/index.php\/wp-json\/wp\/v2\/posts\/181","targetHints":{"allow":["GET"]}}],"collection":[{"href":"https:\/\/depslobozia.ro\/index.php\/wp-json\/wp\/v2\/posts"}],"about":[{"href":"https:\/\/depslobozia.ro\/index.php\/wp-json\/wp\/v2\/types\/post"}],"author":[{"embeddable":true,"href":"https:\/\/depslobozia.ro\/index.php\/wp-json\/wp\/v2\/users\/1"}],"replies":[{"embeddable":true,"href":"https:\/\/depslobozia.ro\/index.php\/wp-json\/wp\/v2\/comments?post=181"}],"version-history":[{"count":20,"href":"https:\/\/depslobozia.ro\/index.php\/wp-json\/wp\/v2\/posts\/181\/revisions"}],"predecessor-version":[{"id":300,"href":"https:\/\/depslobozia.ro\/index.php\/wp-json\/wp\/v2\/posts\/181\/revisions\/300"}],"wp:featuredmedia":[{"embeddable":true,"href":"https:\/\/depslobozia.ro\/index.php\/wp-json\/wp\/v2\/media\/1214"}],"wp:attachment":[{"href":"https:\/\/depslobozia.ro\/index.php\/wp-json\/wp\/v2\/media?parent=181"}],"wp:term":[{"taxonomy":"category","embeddable":true,"href":"https:\/\/depslobozia.ro\/index.php\/wp-json\/wp\/v2\/categories?post=181"},{"taxonomy":"post_tag","embeddable":true,"href":"https:\/\/depslobozia.ro\/index.php\/wp-json\/wp\/v2\/tags?post=181"}],"curies":[{"name":"wp","href":"https:\/\/api.w.org\/{rel}","templated":true}]}}