{"id":227,"date":"2021-08-20T07:11:38","date_gmt":"2021-08-20T07:11:38","guid":{"rendered":"http:\/\/evp-slobozia.wsc.ro\/?p=227"},"modified":"2021-11-03T08:42:54","modified_gmt":"2021-11-03T08:42:54","slug":"227","status":"publish","type":"post","link":"https:\/\/depslobozia.ro\/index.php\/2021\/08\/20\/227\/","title":{"rendered":"\u00cenregistrare tardiv\u0103"},"content":{"rendered":"<div id=\"continut\">\n<div class=\"bu_jos\">\n<div id=\"continut_normal\" style=\"width: 100%;\">\n<div style=\"text-indent: 50px; color: #324b80; text-align: justify;\">Dup\u0103 \u00eemplinirea termenului de 30 de zile, \u00eentocmirea actului de na\u015ftere se face la cererea scris\u0103 a declarantului, cu aprobarea primarului unit\u0103\u0163ii administrativ-teritoriale \u00een a c\u0103rei raz\u0103 s-a produs evenimentul, cu avizul conform al serviciului public comunitar jude\u0163ean de eviden\u0163\u0103 a persoanelor sau, dup\u0103 caz, al Direc\u0163iei Generale de Eviden\u0163\u0103 a Persoanelor a Municipiului Bucure\u015fti.&nbsp;\u00eenregistrarea na\u015fterii se realizeaz\u0103 \u00een termen de 90 de zile de la data solicit\u0103rii.<\/div>\n<div style=\"text-indent: 50px; color: #324b80; text-align: justify;\">Nedeclararea na\u015fterii&nbsp;\u00een condi\u0163iile \u015fi&nbsp;\u00een termenele prev\u0103zute de lege constituie contraven\u0163ie&nbsp;la regimul actelor de stare civil\u0103&nbsp;\u015fi se sanc\u0163ioneaz\u0103 cu amend\u0103 de la 50 lei la 150 lei.&nbsp;(art. 63 alin. (1) lit. b) din&nbsp;Legea nr. 119\/1996).<\/div>\n<table class=\"debretin1\" style=\"color: #324b80;\" cellspacing=\"3\">\n<tbody>\n<tr style=\"background-color: #ebf4f9;\">\n<td class=\"deb_td1 bold\" style=\"color: maroon; font-weight: bold;\">Temei legal<\/td>\n<td class=\"deb_td1\">\n<ul>\n<li>Art. 14^2, alin.(1) potrivit Legii 119 din 16.10.1996, republicat\u0103 \u015fi actualizat\u0103, cu privire la actele de stare civil\u0103;<\/li>\n<li>Art. 31 \u015fi urm\u0103toarele din H.G. 64 din 26.01.2011, actualizat\u0103, pentru aprobarea Motodologiei cu privire la aplicarea unitar\u0103 a dispozi\u0163iilor \u00een materie de stare civil\u0103.<\/li>\n<\/ul>\n<\/td>\n<\/tr>\n<tr style=\"background-color: #f7fcfd;\">\n<td class=\"deb_td2 bold\" style=\"color: maroon; font-weight: bold;\">Situa\u0163ii \u015fi acte necesare<\/td>\n<td class=\"deb_td2\">\n<p style=\"text-indent: 50px; text-align: justify;\">Dup\u0103 \u00eemplinirea termenului de 30 de zile, prev\u0103zut de lege, \u00eentocmirea actului de na\u015ftere se face la cererea scris\u0103 a declarantului, cu aprobarea primarului unit\u0103\u0163ii administrativ-teritoriale \u00een a c\u0103rei raz\u0103 s-a produs evenimentul, precum \u015fi cu avizul conform al S.P.C.J.E.P. sau, dup\u0103 caz, al D.G.E.P.M.B.<\/p>\n<p style=\"text-indent: 50px; \u010d\u2122 text-align: justify;\">Cererea privind \u00eenregistrarea na\u015fterii dup\u0103 \u00eemplinirea termenului de 30 de zile se depune, fie la D.P.L.E.P.S.C.\/prim\u0103ria competent\u0103 s\u0103 \u00eenregistreze na\u015fterea, fie la D.P.L.E.P.S.C.\/ prim\u0103ria \u00een raza c\u0103reia are domiciliul unul dintre p\u0103rin\u0163i\/persoana major\u0103 ne\u00eenregistrat\u0103, respectiv sediul institu\u0163ia interesat\u0103.<\/p>\n<h2><u>\u00cenregistrarea tardiv\u0103 a na\u015fterii copiilor cu v\u00e2rsta de p\u00e2n\u0103 la 14 ani<\/u><\/h2>\n<ul>\n<li style=\"text-align: justify;\"><b>certificatul medical constatator al na\u015fterii<\/b>, \u00eentocmit pe formular-tip, care va trebui s\u0103 poarte num\u0103r de \u00eenregistrare, dat\u0103 cert\u0103, sigiliul\/\u015ftampila unit\u0103\u0163ii sanitare, semn\u0103tura \u015fi parafa medicului;<\/li>\n<li style=\"text-align: justify;\"><b>dac\u0103 nu exist\u0103 certificat medical constatator al na\u015fterii este necesar\u0103 expertiza medico-legal\u0103 cu privire la data na\u015fterii, \u00een format an, lun\u0103, zi, \u015fi sexul persoanei<\/b>&nbsp;\u2013 expertiza se solicit\u0103 de c\u0103tre ofi\u0163erul de stare civil\u0103, dup\u0103 depunerea cererii \u015fi a documentelor;<\/li>\n<li style=\"text-align: justify;\"><b>actul de identitate al mamei \u015fi al declarantului<\/b>, dac\u0103 na\u015fterea nu este declarat\u0103 de mam\u0103;<\/li>\n<li style=\"text-align: justify;\"><b>certificatul de c\u0103s\u0103torie al p\u0103rin\u0163ilor copilului<\/b>, dac\u0103 este cazul \u00een original \u015fi fotocopie;<\/li>\n<li style=\"text-align: justify;\"><b>certificatul de na\u015ftere al mamei \/ certificatele de na\u015ftere ale p\u0103rin\u0163ilor copilului \u015fi actul de identitate al tat\u0103lui<\/b>, \u00een original \u015fi fotocopie, \u00een cazul \u00een care p\u0103rin\u0163ii nu sunt c\u0103s\u0103tori\u0163i;<\/li>\n<li style=\"text-align: justify;\"><b>declara\u0163ia scris\u0103 cu privire la numele pe care \u00eel va dob\u00e2ndi copilul, semnat\u0103 de ambii p\u0103rin\u0163i \u00een fa\u0163a ofi\u0163erului de stare civil\u0103 sau a notarului public, dac\u0103 p\u0103rin\u0163ii poart\u0103 nume de familie diferit;<\/b><\/li>\n<li style=\"text-align: justify;\"><b>declara\u0163ia de recunoa\u015ftere a copilului n\u0103scut \u00een afara c\u0103s\u0103toriei, dat\u0103 de c\u0103tre tat\u0103 \u00een fa\u0163a ofi\u0163erului de stare civil\u0103 care \u00eenregistreaz\u0103 na\u015fterea, din care s\u0103 rezulte \u015fi numele de familie pe care \u00eel dob\u00e2nde\u015fte copilul, la care se anexeaz\u0103 consim\u0163\u0103m\u00e2ntul mamei<\/b><\/li>\n<\/ul>\n<h2><u>\u00cenregistrarea tardiv\u0103 a na\u015fterii copiilor cu v\u00e2rsta cuprins\u0103 \u00eentre 14 \u015fi 18 ani<\/u><\/h2>\n<ul>\n<li style=\"text-align: justify;\"><b>certificatul medical constatator al na\u015fterii<\/b>, \u00eentocmit pe formular-tip, care va trebui s\u0103 poarte num\u0103r de \u00eenregistrare, dat\u0103 cert\u0103, sigiliul\/\u015ftampila unit\u0103\u0163ii sanitare, semn\u0103tura \u015fi parafa medicului;<\/li>\n<li style=\"text-align: justify;\"><b>dac\u0103 nu exist\u0103 certificat medical constatator al na\u015fterii este necesar\u0103 expertiza medico-legal\u0103 cu privire la data na\u015fterii, \u00een format an, lun\u0103, zi, \u015fi sexul persoanei<\/b>&nbsp;\u2013 expertiza se solicit\u0103 de c\u0103tre ofi\u0163erul de stare civil\u0103, dup\u0103 depunerea cererii \u015fi a documentelor;<\/li>\n<li style=\"text-align: justify;\"><b>actul de identitate al mamei \u015fi al declarantului<\/b>, dac\u0103 na\u015fterea nu este declarat\u0103 de mam\u0103;<\/li>\n<li style=\"text-align: justify;\"><b>certificatul de c\u0103s\u0103torie al p\u0103rin\u0163ilor copilului<\/b>, dac\u0103 este cazul \u00een original \u015fi fotocopie;<\/li>\n<li style=\"text-align: justify;\"><b>certificatul de na\u015ftere al mamei \/ certificatele de na\u015ftere ale p\u0103rin\u0163ilor copilului \u015fi actul de identitate al tat\u0103lui<\/b>, \u00een original \u015fi fotocopie, \u00een cazul \u00een care p\u0103rin\u0163ii nu sunt c\u0103s\u0103tori\u0163i;<\/li>\n<li style=\"text-align: justify;\"><b>declara\u0163ia scris\u0103 cu privire la numele pe care \u00eel va dob\u00e2ndi copilul, semnat\u0103 de ambii p\u0103rin\u0163i \u00een fa\u0163a ofi\u0163erului de stare civil\u0103 sau a notarului public, dac\u0103 p\u0103rin\u0163ii poart\u0103 nume de familie diferit;<\/b><\/li>\n<li style=\"text-align: justify;\"><b>declara\u0163ia de recunoa\u015ftere a copilului n\u0103scut \u00een afara c\u0103s\u0103toriei, dat\u0103 de c\u0103tre tat\u0103 \u00een fa\u0163a ofi\u0163erului de stare civil\u0103 care \u00eenregistreaz\u0103 na\u015fterea, din care s\u0103 rezulte \u015fi numele de familie pe care \u00eel dob\u00e2nde\u015fte copilul, la care se anexeaz\u0103 consim\u0163\u0103m\u00e2ntul mamei<\/b><\/li>\n<li style=\"text-align: justify;\"><b>declara\u0163ia persoanei a c\u0103rei na\u015ftere nu a fost \u00eenregistrat\u0103 \u015fi, dup\u0103 caz, a p\u0103rin\u0163ilor sau ocrotitorului\/reprezentantului legal ai\/al persoanei<\/b>, potrivit modelelor prev\u0103zute \u00een anexa nr. 20, respectiv \u00een anexa nr. 21 din Metodologia aprobat\u0103 prin H.G. nr. 64\/2011 cu modific\u0103rile \u015fi complet\u0103rile ulterioare, declara\u0163ia se d\u0103 \u00een fa\u0163a ofi\u0163erului de stare civil\u0103\/personalului cu atribu\u0163ii de stare civil\u0103.<\/li>\n<li style=\"text-align: justify;\">se anexeaz\u0103&nbsp;<b>2 fotografii m\u0103rimea 3\/4 cm<\/b><\/li>\n<\/ul>\n<h2><u>\u00cenregistrarea tardiv\u0103 a na\u015fterii persoanei majore<\/u><\/h2>\n<ul>\n<li style=\"text-align: justify;\"><b>certificatul medical constatator al na\u015fterii<\/b>, \u00eentocmit pe formular-tip, care va trebui s\u0103 poarte num\u0103r de \u00eenregistrare, dat\u0103 cert\u0103, sigiliul\/\u015ftampila unit\u0103\u0163ii sanitare, semn\u0103tura \u015fi parafa medicului;<\/li>\n<li style=\"text-align: justify;\"><b>dac\u0103 nu exist\u0103 certificat medical constatator al na\u015fterii este necesar\u0103 expertiza medico-legal\u0103 cu privire la data na\u015fterii, \u00een format an, lun\u0103, zi, \u015fi sexul persoanei<\/b>&nbsp;\u2013 expertiza se solicit\u0103 de c\u0103tre ofi\u0163erul de stare civil\u0103, dup\u0103 depunerea cererii \u015fi a documentelor;<\/li>\n<li style=\"text-align: justify;\"><b>actul de identitate al mamei \u015fi al declarantului<\/b>, dac\u0103 na\u015fterea nu este declarat\u0103 de mam\u0103;<\/li>\n<li style=\"text-align: justify;\"><b>certificatul de c\u0103s\u0103torie al p\u0103rin\u0163ilor copilului<\/b>, dac\u0103 este cazul \u00een original \u015fi fotocopie;<\/li>\n<li style=\"text-align: justify;\"><b>certificatul de na\u015ftere al mamei \/ certificatele de na\u015ftere ale p\u0103rin\u0163ilor copilului \u015fi actul de identitate al tat\u0103lui<\/b>, \u00een original \u015fi fotocopie, \u00een cazul \u00een care p\u0103rin\u0163ii nu sunt c\u0103s\u0103tori\u0163i;<\/li>\n<li style=\"text-align: justify;\"><b>declara\u0163ia scris\u0103 cu privire la numele pe care \u00eel va dob\u00e2ndi copilul, semnat\u0103 de ambii p\u0103rin\u0163i \u00een fa\u0163a ofi\u0163erului de stare civil\u0103 sau a notarului public, dac\u0103 p\u0103rin\u0163ii poart\u0103 nume de familie diferit;<\/b><\/li>\n<li style=\"text-align: justify;\"><b>declara\u0163ia de recunoa\u015ftere a copilului n\u0103scut \u00een afara c\u0103s\u0103toriei, dat\u0103 de c\u0103tre tat\u0103 \u00een fa\u0163a ofi\u0163erului de stare civil\u0103 care \u00eenregistreaz\u0103 na\u015fterea, din care s\u0103 rezulte \u015fi numele de familie pe care \u00eel dob\u00e2nde\u015fte copilul, la care se anexeaz\u0103 consim\u0163\u0103m\u00e2ntul mamei<\/b><\/li>\n<li style=\"text-align: justify;\"><b>cererea scris\u0103 a declarantului<\/b>;<\/li>\n<li style=\"text-align: justify;\"><b>declara\u0163ia persoanei a c\u0103rei na\u015ftere nu a fost \u00eenregistrat\u0103<\/b>, potrivit modelului prev\u0103zut \u00een anexa nr. 20, dat\u0103 \u00een fa\u0163a ofi\u0163erului de stare civil\u0103 \/ personalului cu atribu\u0163ii de stare civil\u0103;<\/li>\n<li style=\"text-align: justify;\">se anexeaz\u0103&nbsp;<b>2 fotografii m\u0103rimea 3\/4 cm<\/b><\/li>\n<li style=\"text-align: justify;\"><b>declara\u0163ia a 2 membri ai familiei<\/b>, iar \u00een lipsa acestora, a dou\u0103 persoane care o cunosc, potrivit modelului prev\u0103zut \u00een anexa nr. 21, dat\u0103 \u00een fa\u0163a ofi\u0163erului de stare civil\u0103\/personalului cu atribu\u0163ii de stare civil\u0103;<\/li>\n<\/ul>\n<p style=\"text-indent: 50px; \u010d\u2122 text-align: justify;\">\u00cen toate cazurile \u00een care o persoan\u0103 de sex feminin solicit\u0103 \u00eenregistrarea tardiv\u0103 a na\u015fterii sale, aceasta d\u0103 o declara\u0163ie, potrivit anexei 21^2, \u00een fa\u0163a ofi\u0163erului de stare civil\u0103\/personalului cu atribu\u0163ii de stare civil\u0103, din care s\u0103 rezulte dac\u0103 are vreun copil a c\u0103rui na\u015ftere a fost \u00eenregistrat\u0103 \u00een conformitate cu prevederile art. 14^1 alin. (4) din Legea nr. 119\/1996, republicat\u0103, cu modific\u0103rile \u015fi complet\u0103rile ulterioare.<\/p>\n<\/td>\n<\/tr>\n<tr style=\"background-color: #ebf4f9;\">\n<td class=\"deb_td1 bold\" style=\"color: maroon; font-weight: bold;\">Locul \u00eenregistr\u0103rii,<br \/>\nDate de contact,<br \/>\nProgram de lucru<\/td>\n<td class=\"deb_td1\">\n<h2>Locul<\/h2>\n<ul>\n<li>\n<p class=\"western\" style=\"margin-top: 18px; margin-bottom: 18px; text-align: left;\" align=\"justify\"><span style=\"font-size: 16pt;\"><span style=\"line-height: 100%;\"><span style=\"font-family: Times-Roman-R,serif;\"><span style=\"orphans: 2;\"><span style=\"widows: 2;\"><span style=\"font-family: Calibri, serif;\"><span style=\"font-size: small;\"><span style=\"font-size: 11pt;\">\u00eenregistrarea na\u015fterii, \u00een Municipiul Slobozia, B-dul Cosminului, nr. 2, bl. I.7, jud. Ialomi\u0163a.<\/span><\/span><\/span><\/span><\/span><\/span><\/span><\/span><\/p>\n<\/li>\n<\/ul>\n<h3>Program de lucru cu publicul<\/h3>\n<ul>\n<li>Zilnic de LUNI p\u00e2n\u0103 VINERI, \u00eentre orele 08.00 \u2013 12.00 pentru depunerea documentelor, cu excep\u0163ia s\u0103rb\u0103torilor legale.<\/li>\n<li>Pentru ridicarea certificatelor de LUNI p\u00e2n\u0103 MIERCURI intre orele 15.00-16.30, cu excep\u0163ia s\u0103rb\u0103torilor legale.<\/li>\n<li>JOI pentru ridicarea certificatelor \u00eentre orele 15.00 \u2013 18.30, cu excep\u0163ia s\u0103rb\u0103torilor legale.<\/li>\n<li>VINERI pentru ridicarea certificatelor intre orele 13.00-14.00, cu excep\u0163ia s\u0103rb\u0103torilor legale.<\/li>\n<\/ul>\n<\/td>\n<\/tr>\n<\/tbody>\n<\/table>\n<\/div>\n<div class=\"clear_floating\"><\/div>\n<div class=\"clear_floating\"><\/div>\n<\/div>\n<\/div>\n","protected":false},"excerpt":{"rendered":"<p>Dup\u0103 \u00eemplinirea termenului de 30 de zile, \u00eentocmirea actului de na\u015ftere se face la cererea scris\u0103 a declarantului, cu aprobarea primarului unit\u0103\u0163ii administrativ-teritoriale \u00een a c\u0103rei raz\u0103 s-a produs evenimentul, cu avizul conform al serviciului public comunitar jude\u0163ean de eviden\u0163\u0103 a persoanelor sau, dup\u0103 caz, al Direc\u0163iei Generale de Eviden\u0163\u0103 a Persoanelor a Municipiului Bucure\u015fti.&nbsp;\u00eenregistrarea &hellip;<br \/><a href=\"https:\/\/depslobozia.ro\/index.php\/2021\/08\/20\/227\/\" class=\"more-link pen_button pen_element_default pen_icon_arrow_double\">Cite\u0219te mai mult<\/a><\/p>\n","protected":false},"author":1,"featured_media":1150,"comment_status":"closed","ping_status":"closed","sticky":false,"template":"","format":"standard","meta":{"footnotes":""},"categories":[42],"tags":[],"class_list":["post-227","post","type-post","status-publish","format-standard","has-post-thumbnail","hentry","category-inregistrare-tardiva"],"yoast_head":"<!-- This site is optimized with the Yoast SEO plugin v27.5 - https:\/\/yoast.com\/product\/yoast-seo-wordpress\/ -->\r\n<title>\u00cenregistrare tardiv\u0103 - SERVICIUL PUBLIC COMUNITAR LOCAL DE EVIDEN\u0162A A PERSOANELOR SLOBOZIA<\/title>\r\n<meta name=\"robots\" content=\"index, follow, max-snippet:-1, max-image-preview:large, max-video-preview:-1\" \/>\r\n<link rel=\"canonical\" href=\"https:\/\/depslobozia.ro\/index.php\/2021\/08\/20\/227\/\" \/>\r\n<meta property=\"og:locale\" content=\"ro_RO\" \/>\r\n<meta property=\"og:type\" content=\"article\" \/>\r\n<meta property=\"og:title\" content=\"\u00cenregistrare tardiv\u0103 - SERVICIUL PUBLIC COMUNITAR LOCAL DE EVIDEN\u0162A A PERSOANELOR SLOBOZIA\" \/>\r\n<meta property=\"og:description\" content=\"Dup\u0103 \u00eemplinirea termenului de 30 de zile, \u00eentocmirea actului de na\u015ftere se face la cererea scris\u0103 a declarantului, cu aprobarea primarului unit\u0103\u0163ii administrativ-teritoriale \u00een a c\u0103rei raz\u0103 s-a produs evenimentul, cu avizul conform al serviciului public comunitar jude\u0163ean de eviden\u0163\u0103 a persoanelor sau, dup\u0103 caz, al Direc\u0163iei Generale de Eviden\u0163\u0103 a Persoanelor a Municipiului Bucure\u015fti.&nbsp;\u00eenregistrarea &hellip;Cite\u0219te mai mult\" \/>\r\n<meta property=\"og:url\" content=\"https:\/\/depslobozia.ro\/index.php\/2021\/08\/20\/227\/\" \/>\r\n<meta property=\"og:site_name\" content=\"SERVICIUL PUBLIC COMUNITAR LOCAL DE EVIDEN\u0162A A PERSOANELOR SLOBOZIA\" \/>\r\n<meta property=\"article:published_time\" content=\"2021-08-20T07:11:38+00:00\" \/>\r\n<meta property=\"article:modified_time\" content=\"2021-11-03T08:42:54+00:00\" \/>\r\n<meta property=\"og:image\" content=\"https:\/\/depslobozia.ro\/wp-content\/uploads\/2021\/08\/nasteretrans.jpg\" \/>\r\n\t<meta property=\"og:image:width\" content=\"560\" \/>\r\n\t<meta property=\"og:image:height\" content=\"373\" \/>\r\n\t<meta property=\"og:image:type\" content=\"image\/jpeg\" \/>\r\n<meta name=\"author\" content=\"directorevpslobozia\" \/>\r\n<meta name=\"twitter:card\" content=\"summary_large_image\" \/>\r\n<meta name=\"twitter:label1\" content=\"Scris de\" \/>\n\t<meta name=\"twitter:data1\" content=\"directorevpslobozia\" \/>\n\t<meta name=\"twitter:label2\" content=\"Timp estimat pentru citire\" \/>\n\t<meta name=\"twitter:data2\" content=\"7 minute\" \/>\r\n<script type=\"application\/ld+json\" class=\"yoast-schema-graph\">{\"@context\":\"https:\\\/\\\/schema.org\",\"@graph\":[{\"@type\":\"Article\",\"@id\":\"https:\\\/\\\/depslobozia.ro\\\/index.php\\\/2021\\\/08\\\/20\\\/227\\\/#article\",\"isPartOf\":{\"@id\":\"https:\\\/\\\/depslobozia.ro\\\/index.php\\\/2021\\\/08\\\/20\\\/227\\\/\"},\"author\":{\"name\":\"directorevpslobozia\",\"@id\":\"https:\\\/\\\/depslobozia.ro\\\/#\\\/schema\\\/person\\\/66e7a6571cee5caa64ee827999f5ac35\"},\"headline\":\"\u00cenregistrare tardiv\u0103\",\"datePublished\":\"2021-08-20T07:11:38+00:00\",\"dateModified\":\"2021-11-03T08:42:54+00:00\",\"mainEntityOfPage\":{\"@id\":\"https:\\\/\\\/depslobozia.ro\\\/index.php\\\/2021\\\/08\\\/20\\\/227\\\/\"},\"wordCount\":1375,\"publisher\":{\"@id\":\"https:\\\/\\\/depslobozia.ro\\\/#organization\"},\"image\":{\"@id\":\"https:\\\/\\\/depslobozia.ro\\\/index.php\\\/2021\\\/08\\\/20\\\/227\\\/#primaryimage\"},\"thumbnailUrl\":\"https:\\\/\\\/depslobozia.ro\\\/wp-content\\\/uploads\\\/2021\\\/08\\\/nasteretrans.jpg\",\"articleSection\":[\"\u00cenregistrare tardiv\u0103\"],\"inLanguage\":\"ro-RO\"},{\"@type\":\"WebPage\",\"@id\":\"https:\\\/\\\/depslobozia.ro\\\/index.php\\\/2021\\\/08\\\/20\\\/227\\\/\",\"url\":\"https:\\\/\\\/depslobozia.ro\\\/index.php\\\/2021\\\/08\\\/20\\\/227\\\/\",\"name\":\"\u00cenregistrare tardiv\u0103 - SERVICIUL PUBLIC COMUNITAR LOCAL DE EVIDEN\u0162A A PERSOANELOR SLOBOZIA\",\"isPartOf\":{\"@id\":\"https:\\\/\\\/depslobozia.ro\\\/#website\"},\"primaryImageOfPage\":{\"@id\":\"https:\\\/\\\/depslobozia.ro\\\/index.php\\\/2021\\\/08\\\/20\\\/227\\\/#primaryimage\"},\"image\":{\"@id\":\"https:\\\/\\\/depslobozia.ro\\\/index.php\\\/2021\\\/08\\\/20\\\/227\\\/#primaryimage\"},\"thumbnailUrl\":\"https:\\\/\\\/depslobozia.ro\\\/wp-content\\\/uploads\\\/2021\\\/08\\\/nasteretrans.jpg\",\"datePublished\":\"2021-08-20T07:11:38+00:00\",\"dateModified\":\"2021-11-03T08:42:54+00:00\",\"breadcrumb\":{\"@id\":\"https:\\\/\\\/depslobozia.ro\\\/index.php\\\/2021\\\/08\\\/20\\\/227\\\/#breadcrumb\"},\"inLanguage\":\"ro-RO\",\"potentialAction\":[{\"@type\":\"ReadAction\",\"target\":[\"https:\\\/\\\/depslobozia.ro\\\/index.php\\\/2021\\\/08\\\/20\\\/227\\\/\"]}]},{\"@type\":\"ImageObject\",\"inLanguage\":\"ro-RO\",\"@id\":\"https:\\\/\\\/depslobozia.ro\\\/index.php\\\/2021\\\/08\\\/20\\\/227\\\/#primaryimage\",\"url\":\"https:\\\/\\\/depslobozia.ro\\\/wp-content\\\/uploads\\\/2021\\\/08\\\/nasteretrans.jpg\",\"contentUrl\":\"https:\\\/\\\/depslobozia.ro\\\/wp-content\\\/uploads\\\/2021\\\/08\\\/nasteretrans.jpg\",\"width\":560,\"height\":373},{\"@type\":\"BreadcrumbList\",\"@id\":\"https:\\\/\\\/depslobozia.ro\\\/index.php\\\/2021\\\/08\\\/20\\\/227\\\/#breadcrumb\",\"itemListElement\":[{\"@type\":\"ListItem\",\"position\":1,\"name\":\"Prima pagin\u0103\",\"item\":\"https:\\\/\\\/depslobozia.ro\\\/\"},{\"@type\":\"ListItem\",\"position\":2,\"name\":\"\u00cenregistrare tardiv\u0103\"}]},{\"@type\":\"WebSite\",\"@id\":\"https:\\\/\\\/depslobozia.ro\\\/#website\",\"url\":\"https:\\\/\\\/depslobozia.ro\\\/\",\"name\":\"DIREC\u0162IA DE EVIDEN\u0162A PERSOANELOR SLOBOZIA\",\"description\":\"Municipiul SLOBOZIA\",\"publisher\":{\"@id\":\"https:\\\/\\\/depslobozia.ro\\\/#organization\"},\"potentialAction\":[{\"@type\":\"SearchAction\",\"target\":{\"@type\":\"EntryPoint\",\"urlTemplate\":\"https:\\\/\\\/depslobozia.ro\\\/?s={search_term_string}\"},\"query-input\":{\"@type\":\"PropertyValueSpecification\",\"valueRequired\":true,\"valueName\":\"search_term_string\"}}],\"inLanguage\":\"ro-RO\"},{\"@type\":\"Organization\",\"@id\":\"https:\\\/\\\/depslobozia.ro\\\/#organization\",\"name\":\"Directia de Evidenta Persoanelor Slobozia\",\"url\":\"https:\\\/\\\/depslobozia.ro\\\/\",\"logo\":{\"@type\":\"ImageObject\",\"inLanguage\":\"ro-RO\",\"@id\":\"https:\\\/\\\/depslobozia.ro\\\/#\\\/schema\\\/logo\\\/image\\\/\",\"url\":\"https:\\\/\\\/depslobozia.ro\\\/wp-content\\\/uploads\\\/2021\\\/10\\\/StemSlobozia.png\",\"contentUrl\":\"https:\\\/\\\/depslobozia.ro\\\/wp-content\\\/uploads\\\/2021\\\/10\\\/StemSlobozia.png\",\"width\":68,\"height\":90,\"caption\":\"Directia de Evidenta Persoanelor Slobozia\"},\"image\":{\"@id\":\"https:\\\/\\\/depslobozia.ro\\\/#\\\/schema\\\/logo\\\/image\\\/\"}},{\"@type\":\"Person\",\"@id\":\"https:\\\/\\\/depslobozia.ro\\\/#\\\/schema\\\/person\\\/66e7a6571cee5caa64ee827999f5ac35\",\"name\":\"directorevpslobozia\",\"image\":{\"@type\":\"ImageObject\",\"inLanguage\":\"ro-RO\",\"@id\":\"https:\\\/\\\/secure.gravatar.com\\\/avatar\\\/6f1e69ba319b6b2ee6ee35873e2231dfb9a863d59d1b2d490f20391bffe999ca?s=96&d=mm&r=g\",\"url\":\"https:\\\/\\\/secure.gravatar.com\\\/avatar\\\/6f1e69ba319b6b2ee6ee35873e2231dfb9a863d59d1b2d490f20391bffe999ca?s=96&d=mm&r=g\",\"contentUrl\":\"https:\\\/\\\/secure.gravatar.com\\\/avatar\\\/6f1e69ba319b6b2ee6ee35873e2231dfb9a863d59d1b2d490f20391bffe999ca?s=96&d=mm&r=g\",\"caption\":\"directorevpslobozia\"},\"sameAs\":[\"http:\\\/\\\/evp-slobozia.wsc.ro\"],\"url\":\"https:\\\/\\\/depslobozia.ro\\\/index.php\\\/author\\\/directorevpslobozia\\\/\"}]}<\/script>\r\n<!-- \/ Yoast SEO plugin. -->","yoast_head_json":{"title":"\u00cenregistrare tardiv\u0103 - SERVICIUL PUBLIC COMUNITAR LOCAL DE EVIDEN\u0162A A PERSOANELOR SLOBOZIA","robots":{"index":"index","follow":"follow","max-snippet":"max-snippet:-1","max-image-preview":"max-image-preview:large","max-video-preview":"max-video-preview:-1"},"canonical":"https:\/\/depslobozia.ro\/index.php\/2021\/08\/20\/227\/","og_locale":"ro_RO","og_type":"article","og_title":"\u00cenregistrare tardiv\u0103 - SERVICIUL PUBLIC COMUNITAR LOCAL DE EVIDEN\u0162A A PERSOANELOR SLOBOZIA","og_description":"Dup\u0103 \u00eemplinirea termenului de 30 de zile, \u00eentocmirea actului de na\u015ftere se face la cererea scris\u0103 a declarantului, cu aprobarea primarului unit\u0103\u0163ii administrativ-teritoriale \u00een a c\u0103rei raz\u0103 s-a produs evenimentul, cu avizul conform al serviciului public comunitar jude\u0163ean de eviden\u0163\u0103 a persoanelor sau, dup\u0103 caz, al Direc\u0163iei Generale de Eviden\u0163\u0103 a Persoanelor a Municipiului Bucure\u015fti.&nbsp;\u00eenregistrarea &hellip;Cite\u0219te mai mult","og_url":"https:\/\/depslobozia.ro\/index.php\/2021\/08\/20\/227\/","og_site_name":"SERVICIUL PUBLIC COMUNITAR LOCAL DE EVIDEN\u0162A A PERSOANELOR SLOBOZIA","article_published_time":"2021-08-20T07:11:38+00:00","article_modified_time":"2021-11-03T08:42:54+00:00","og_image":[{"width":560,"height":373,"url":"https:\/\/depslobozia.ro\/wp-content\/uploads\/2021\/08\/nasteretrans.jpg","type":"image\/jpeg"}],"author":"directorevpslobozia","twitter_card":"summary_large_image","twitter_misc":{"Scris de":"directorevpslobozia","Timp estimat pentru citire":"7 minute"},"schema":{"@context":"https:\/\/schema.org","@graph":[{"@type":"Article","@id":"https:\/\/depslobozia.ro\/index.php\/2021\/08\/20\/227\/#article","isPartOf":{"@id":"https:\/\/depslobozia.ro\/index.php\/2021\/08\/20\/227\/"},"author":{"name":"directorevpslobozia","@id":"https:\/\/depslobozia.ro\/#\/schema\/person\/66e7a6571cee5caa64ee827999f5ac35"},"headline":"\u00cenregistrare tardiv\u0103","datePublished":"2021-08-20T07:11:38+00:00","dateModified":"2021-11-03T08:42:54+00:00","mainEntityOfPage":{"@id":"https:\/\/depslobozia.ro\/index.php\/2021\/08\/20\/227\/"},"wordCount":1375,"publisher":{"@id":"https:\/\/depslobozia.ro\/#organization"},"image":{"@id":"https:\/\/depslobozia.ro\/index.php\/2021\/08\/20\/227\/#primaryimage"},"thumbnailUrl":"https:\/\/depslobozia.ro\/wp-content\/uploads\/2021\/08\/nasteretrans.jpg","articleSection":["\u00cenregistrare tardiv\u0103"],"inLanguage":"ro-RO"},{"@type":"WebPage","@id":"https:\/\/depslobozia.ro\/index.php\/2021\/08\/20\/227\/","url":"https:\/\/depslobozia.ro\/index.php\/2021\/08\/20\/227\/","name":"\u00cenregistrare tardiv\u0103 - SERVICIUL PUBLIC COMUNITAR LOCAL DE EVIDEN\u0162A A PERSOANELOR SLOBOZIA","isPartOf":{"@id":"https:\/\/depslobozia.ro\/#website"},"primaryImageOfPage":{"@id":"https:\/\/depslobozia.ro\/index.php\/2021\/08\/20\/227\/#primaryimage"},"image":{"@id":"https:\/\/depslobozia.ro\/index.php\/2021\/08\/20\/227\/#primaryimage"},"thumbnailUrl":"https:\/\/depslobozia.ro\/wp-content\/uploads\/2021\/08\/nasteretrans.jpg","datePublished":"2021-08-20T07:11:38+00:00","dateModified":"2021-11-03T08:42:54+00:00","breadcrumb":{"@id":"https:\/\/depslobozia.ro\/index.php\/2021\/08\/20\/227\/#breadcrumb"},"inLanguage":"ro-RO","potentialAction":[{"@type":"ReadAction","target":["https:\/\/depslobozia.ro\/index.php\/2021\/08\/20\/227\/"]}]},{"@type":"ImageObject","inLanguage":"ro-RO","@id":"https:\/\/depslobozia.ro\/index.php\/2021\/08\/20\/227\/#primaryimage","url":"https:\/\/depslobozia.ro\/wp-content\/uploads\/2021\/08\/nasteretrans.jpg","contentUrl":"https:\/\/depslobozia.ro\/wp-content\/uploads\/2021\/08\/nasteretrans.jpg","width":560,"height":373},{"@type":"BreadcrumbList","@id":"https:\/\/depslobozia.ro\/index.php\/2021\/08\/20\/227\/#breadcrumb","itemListElement":[{"@type":"ListItem","position":1,"name":"Prima pagin\u0103","item":"https:\/\/depslobozia.ro\/"},{"@type":"ListItem","position":2,"name":"\u00cenregistrare tardiv\u0103"}]},{"@type":"WebSite","@id":"https:\/\/depslobozia.ro\/#website","url":"https:\/\/depslobozia.ro\/","name":"DIREC\u0162IA DE EVIDEN\u0162A PERSOANELOR SLOBOZIA","description":"Municipiul SLOBOZIA","publisher":{"@id":"https:\/\/depslobozia.ro\/#organization"},"potentialAction":[{"@type":"SearchAction","target":{"@type":"EntryPoint","urlTemplate":"https:\/\/depslobozia.ro\/?s={search_term_string}"},"query-input":{"@type":"PropertyValueSpecification","valueRequired":true,"valueName":"search_term_string"}}],"inLanguage":"ro-RO"},{"@type":"Organization","@id":"https:\/\/depslobozia.ro\/#organization","name":"Directia de Evidenta Persoanelor Slobozia","url":"https:\/\/depslobozia.ro\/","logo":{"@type":"ImageObject","inLanguage":"ro-RO","@id":"https:\/\/depslobozia.ro\/#\/schema\/logo\/image\/","url":"https:\/\/depslobozia.ro\/wp-content\/uploads\/2021\/10\/StemSlobozia.png","contentUrl":"https:\/\/depslobozia.ro\/wp-content\/uploads\/2021\/10\/StemSlobozia.png","width":68,"height":90,"caption":"Directia de Evidenta Persoanelor Slobozia"},"image":{"@id":"https:\/\/depslobozia.ro\/#\/schema\/logo\/image\/"}},{"@type":"Person","@id":"https:\/\/depslobozia.ro\/#\/schema\/person\/66e7a6571cee5caa64ee827999f5ac35","name":"directorevpslobozia","image":{"@type":"ImageObject","inLanguage":"ro-RO","@id":"https:\/\/secure.gravatar.com\/avatar\/6f1e69ba319b6b2ee6ee35873e2231dfb9a863d59d1b2d490f20391bffe999ca?s=96&d=mm&r=g","url":"https:\/\/secure.gravatar.com\/avatar\/6f1e69ba319b6b2ee6ee35873e2231dfb9a863d59d1b2d490f20391bffe999ca?s=96&d=mm&r=g","contentUrl":"https:\/\/secure.gravatar.com\/avatar\/6f1e69ba319b6b2ee6ee35873e2231dfb9a863d59d1b2d490f20391bffe999ca?s=96&d=mm&r=g","caption":"directorevpslobozia"},"sameAs":["http:\/\/evp-slobozia.wsc.ro"],"url":"https:\/\/depslobozia.ro\/index.php\/author\/directorevpslobozia\/"}]}},"_links":{"self":[{"href":"https:\/\/depslobozia.ro\/index.php\/wp-json\/wp\/v2\/posts\/227","targetHints":{"allow":["GET"]}}],"collection":[{"href":"https:\/\/depslobozia.ro\/index.php\/wp-json\/wp\/v2\/posts"}],"about":[{"href":"https:\/\/depslobozia.ro\/index.php\/wp-json\/wp\/v2\/types\/post"}],"author":[{"embeddable":true,"href":"https:\/\/depslobozia.ro\/index.php\/wp-json\/wp\/v2\/users\/1"}],"replies":[{"embeddable":true,"href":"https:\/\/depslobozia.ro\/index.php\/wp-json\/wp\/v2\/comments?post=227"}],"version-history":[{"count":18,"href":"https:\/\/depslobozia.ro\/index.php\/wp-json\/wp\/v2\/posts\/227\/revisions"}],"predecessor-version":[{"id":1582,"href":"https:\/\/depslobozia.ro\/index.php\/wp-json\/wp\/v2\/posts\/227\/revisions\/1582"}],"wp:featuredmedia":[{"embeddable":true,"href":"https:\/\/depslobozia.ro\/index.php\/wp-json\/wp\/v2\/media\/1150"}],"wp:attachment":[{"href":"https:\/\/depslobozia.ro\/index.php\/wp-json\/wp\/v2\/media?parent=227"}],"wp:term":[{"taxonomy":"category","embeddable":true,"href":"https:\/\/depslobozia.ro\/index.php\/wp-json\/wp\/v2\/categories?post=227"},{"taxonomy":"post_tag","embeddable":true,"href":"https:\/\/depslobozia.ro\/index.php\/wp-json\/wp\/v2\/tags?post=227"}],"curies":[{"name":"wp","href":"https:\/\/api.w.org\/{rel}","templated":true}]}}