{"id":326,"date":"2021-08-23T10:31:32","date_gmt":"2021-08-23T10:31:32","guid":{"rendered":"http:\/\/evp-slobozia.wsc.ro\/?p=326"},"modified":"2024-09-09T08:44:33","modified_gmt":"2024-09-09T08:44:33","slug":"cazuri-de-schimbare-a-numelui","status":"publish","type":"post","link":"https:\/\/depslobozia.ro\/index.php\/2021\/08\/23\/cazuri-de-schimbare-a-numelui\/","title":{"rendered":"Cazuri de schimbare a numelui"},"content":{"rendered":"\n<p class=\"has-text-color has-link-color wp-elements-2e31950210ca23b5fd6811c92f990930\" style=\"color:#324b80\">(la 02-05-2022, Actul a fost completat de\u00a0<strong><a href=\"https:\/\/legislatie.just.ro\/Public\/DetaliiDocumentAfis\/254482\" target=\"_blank\" rel=\"noreferrer noopener\">Punctul 52, Articolul I din LEGEA nr. 105 din 20 aprilie 2022, publicat\u0103 \u00een MONITORUL OFICIAL nr. 412 din 29 aprilie 2022<\/a>\u00a0<\/strong>)<\/p>\n\n\n\n<p><strong>Articolul 41^1<\/strong><\/p>\n\n\n\n<p class=\"has-text-color has-link-color wp-elements-2f0f80a3512abac98e68d6740e99bbdc\" style=\"color:#324b80;font-size:16px\">(1)\u00a0<strong>Cet\u0103\u021benii rom\u00e2ni pot ob\u021bine, pentru motive temeinice, schimbarea pe cale administrativ\u0103 a numelui de familie \u0219i a prenumelui sau numai a unuia dintre acestea, \u00een condi\u021biile prezentei legi.<\/strong><\/p>\n\n\n\n<p class=\"has-text-color has-link-color wp-elements-1f0754c16d7e44f99d97b90ee4336649\" style=\"color:#324b80;font-size:16px\">(2)\u00a0<strong>Sunt considerate ca \u00eentemeiate cererile de schimbare a numelui \u00een urm\u0103toarele cazuri:<\/strong><\/p>\n\n\n\n<p class=\"has-text-color has-link-color wp-elements-97655f36675b47ac027a4b057639db60\" style=\"color:#324b80;font-size:16px\"><strong>a)<\/strong>\u00a0c\u00e2nd numele este format din expresii indecente, ridicole ori transformat prin traducere sau \u00een alt mod;<\/p>\n\n\n\n<p class=\"has-text-color has-link-color wp-elements-37d0ee0d65277242a0d82b7b22fd9b96\" style=\"color:#324b80;font-size:16px\"><strong>b)<\/strong>\u00a0c\u00e2nd persoana \u00een cauz\u0103 a folosit, \u00een exercitarea profesiei, numele pe care dore\u0219te s\u0103 \u00eel ob\u021bin\u0103, f\u0103c\u00e2nd dovada cu privire la aceasta, precum \u0219i asupra faptului c\u0103 este cunoscut\u0103 \u00een societate sub acest nume;<\/p>\n\n\n\n<p class=\"has-text-color has-link-color wp-elements-ca408f3f94393234451275f83ee21412\" style=\"color:#324b80;font-size:16px\"><strong>c)<\/strong>\u00a0c\u00e2nd, din neaten\u021bia ofi\u021berilor de stare civil\u0103 ori ca urmare a necunoa\u0219terii reglement\u0103rilor legale \u00een materie, au fost efectuate men\u021biuni gre\u0219ite \u00een registrele de stare civil\u0103 ori au fost eliberate certificate de stare civil\u0103 cu nume eronate, \u00een baza c\u0103rora au fost eliberate alte acte;<\/p>\n\n\n\n<p class=\"has-text-color has-link-color wp-elements-71cd637c548e19e7cab8259c3c9b1cf1\" style=\"color:#324b80;font-size:16px\"><strong>d)<\/strong>\u00a0c\u00e2nd persoana \u00een cauz\u0103 are nume de familie sau prenume format din mai multe cuvinte \u0219i dore\u0219te simplificarea acestuia;<\/p>\n\n\n\n<p class=\"has-text-color has-link-color wp-elements-bb2f3434f83b9231674ea9e5f68f005b\" style=\"color:#324b80;font-size:16px\"><strong>e)<\/strong>\u00a0c\u00e2nd persoana \u00een cauz\u0103 este cunoscut\u0103 cu un prenume \u0219i dore\u0219te ad\u0103ugarea acestuia la prenumele ini\u021bial, cu respectarea dispozi\u021biilor legale privind num\u0103rul maxim de cuvinte din care poate fi format prenumele;<\/p>\n\n\n\n<p class=\"has-text-color has-link-color wp-elements-7f8ab7d6414fb26fb83326eaaa871c04\" style=\"color:#324b80;font-size:16px\"><strong>f)<\/strong>\u00a0c\u00e2nd persoana \u00een cauz\u0103 poart\u0103 un nume de provenien\u021b\u0103 str\u0103in\u0103 \u0219i solicit\u0103 s\u0103 poarte un nume rom\u00e2nesc;<\/p>\n\n\n\n<p class=\"has-text-color has-link-color wp-elements-595048dd49961773198991d8907f0a65\" style=\"color:#324b80;font-size:16px\"><strong>g)<\/strong>\u00a0c\u00e2nd persoana \u0219i-a schimbat numele de origine str\u0103in\u0103 \u00eentr-un nume rom\u00e2nesc, pe cale administrativ\u0103, \u0219i dore\u0219te s\u0103 revin\u0103 la numele dob\u00e2ndit la na\u0219tere sau purtat anterior;<\/p>\n\n\n\n<p class=\"has-text-color has-link-color wp-elements-1e9913242a5ac07b84cb4f3522aba9f7\" style=\"color:#324b80;font-size:16px\"><strong>h)<\/strong>\u00a0c\u00e2nd p\u0103rin\u021bii \u0219i-au schimbat numele pe cale administrativ\u0103, iar copiii solicit\u0103 s\u0103 poarte un nume de familie comun cu al p\u0103rin\u021bilor lor, cu respectarea dispozi\u021biilor\u00a0art. 41^4;<\/p>\n\n\n\n<p class=\"has-text-color has-link-color wp-elements-8d41f933106b668eb3fbec9f4690fb0a\" style=\"color:#324b80;font-size:16px\"><strong>i)<\/strong>\u00a0c\u00e2nd persoana \u00een cauz\u0103 solicit\u0103 s\u0103 poarte un nume de familie comun cu al celorlal\u021bi membri ai familiei;<\/p>\n\n\n\n<p class=\"has-text-color has-link-color wp-elements-027d8cbf3170fc6428a25a6ef8808df4\" style=\"color:#324b80;font-size:16px\"><strong>j)<\/strong>\u00a0c\u00e2nd unul dintre so\u021bi sau ambii dore\u0219te\/doresc schimbarea numelui de familie comun sau reunit purtat \u00een timpul c\u0103s\u0103toriei, cu respectarea dispozi\u021biilor\u00a0<a href=\"https:\/\/legislatie.just.ro\/Public\/DetaliiDocumentAfis\/237956\" target=\"_blank\" rel=\"noreferrer noopener\">art. 282 din Legea nr. 287\/2009, republicat\u0103<\/a>, cu modific\u0103rile ulterioare, \u0219i cu consim\u021b\u0103m\u00e2ntul celuilalt so\u021b, dat \u00een form\u0103 autentic\u0103 sau \u00een fa\u021ba ofi\u021berului de stare civil\u0103;<\/p>\n\n\n\n<p class=\"has-text-color has-link-color wp-elements-4ce5aa7220ede954408c82a7fa8fe7cb\" style=\"color:#324b80;font-size:16px\"><strong>k)<\/strong>\u00a0c\u00e2nd persoana \u00een cauz\u0103 face dovada c\u0103 a fost recunoscut\u0103 de c\u0103tre p\u0103rinte ulterior \u00eenregistr\u0103rii na\u0219terii, \u00een formele prev\u0103zute la\u00a0<a href=\"https:\/\/legislatie.just.ro\/Public\/DetaliiDocumentAfis\/237956\" target=\"_blank\" rel=\"noreferrer noopener\">art. 416 alin. (1) din Legea nr. 287\/2009, republicat\u0103<\/a>, cu modific\u0103rile ulterioare, \u00eens\u0103, \u00eentruc\u00e2t nu s-a \u00eencuviin\u021bat \u0219i purtarea numelui de familie al acestuia, nu exist\u0103 alt\u0103 posibilitate de dob\u00e2ndire a numelui p\u0103rintelui dec\u00e2t pe cale administrativ\u0103;<\/p>\n\n\n\n<p class=\"has-text-color has-link-color wp-elements-ad7b0980834f27c3604d1d18a17a97e2\" style=\"color:#324b80;font-size:16px\"><strong>l)<\/strong>\u00a0c\u00e2nd prenumele purtat este specific sexului opus;<\/p>\n\n\n\n<p class=\"has-text-color has-link-color wp-elements-f887c735297b2d4ab2715d525c585574\" style=\"color:#324b80;font-size:16px\"><strong>m)<\/strong>\u00a0c\u00e2nd persoanei i s-a \u00eencuviin\u021bat schimbarea sexului prin hot\u0103r\u00e2re judec\u0103toreasc\u0103 \u0219i solicit\u0103 s\u0103 poarte un prenume corespunz\u0103tor, prezent\u00e2nd hot\u0103r\u00e2re judec\u0103toreasc\u0103 definitiv\u0103;<\/p>\n\n\n\n<p class=\"has-text-color has-link-color wp-elements-e8614bdf978cbf1b4d9c13c572750a90\" style=\"color:#324b80;font-size:16px\"><strong>n)<\/strong>\u00a0c\u00e2nd persoana \u00een cauz\u0103 are numele schimbat \u00een str\u0103in\u0103tate \u0219i nu are act administrativ str\u0103in, f\u0103c\u00e2nd dovada cu privire la aceasta cu pa\u0219aportul\/actul de identitate emis de autorit\u0103\u021bile str\u0103ine;<\/p>\n\n\n\n<p class=\"has-text-color has-link-color wp-elements-8c170839c5550d7fb4c7220056a32fbd\" style=\"color:#324b80;font-size:16px\"><strong>o)<\/strong>\u00a0alte cazuri temeinic justificate.<\/p>\n\n\n\n<p class=\"has-text-color has-link-color wp-elements-3eb5cf8a3a04e9c285a2389f2c6db7e3\" style=\"color:#324b80;font-size:16px\">(3)\u00a0<strong>Sunt de asemenea considerate justificate \u0219i cererile de schimbare a numelui \u00een urm\u0103toarele cazuri:<\/strong><\/p>\n\n\n\n<p class=\"has-text-color has-link-color wp-elements-32203d70a45376bd9fd3d64f3cf29555\" style=\"color:#324b80;font-size:16px\"><strong>a)<\/strong>\u00a0c\u00e2nd persoana \u00een cauz\u0103 a adoptat minori \u0219i dore\u0219te ca ace\u0219tia s\u0103 poarte un alt prenume;<\/p>\n\n\n\n<p class=\"has-text-color has-link-color wp-elements-ec2059fdd93782e1fe2eca4b1bce0a45\" style=\"color:#324b80;font-size:16px\"><strong>b)<\/strong>\u00a0c\u00e2nd c\u0103s\u0103toria a \u00eencetat prin moartea sau prin declararea judec\u0103toreasc\u0103 a mor\u021bii unuia dintre so\u021bi, iar so\u021bul supravie\u021buitor solicit\u0103 s\u0103 revin\u0103 la numele de familie purtat anterior c\u0103s\u0103toriei ori la numele de familie dob\u00e2ndit la na\u0219tere;<\/p>\n\n\n\n<p class=\"has-text-color has-link-color wp-elements-dd0c6dcd920b5fe501f07a63bcabb651\" style=\"color:#324b80;font-size:16px\"><strong>c)<\/strong>\u00a0c\u00e2nd \u00een urma divor\u021bului un fost so\u021b revine la numele de familie purtat anterior \u0219i care provine dintr-o alt\u0103 c\u0103s\u0103torie, de asemenea desf\u0103cut\u0103 prin divor\u021b, \u0219i dore\u0219te s\u0103 poarte numele dob\u00e2ndit la na\u0219tere;<\/p>\n\n\n\n<p class=\"has-text-color has-link-color wp-elements-ce0a0425f6fc6d145f78e597452124f8\" style=\"color:#324b80;font-size:16px\"><strong>d)<\/strong>\u00a0c\u00e2nd \u00een urma divor\u021bului un fost so\u021b p\u0103streaz\u0103 numele de familie purtat \u00een c\u0103s\u0103torie \u0219i dore\u0219te un nume purtat anterior c\u0103s\u0103toriei sau numele dob\u00e2ndit la na\u0219tere;<\/p>\n\n\n\n<p class=\"has-text-color has-link-color wp-elements-08b94fe9a1302816830f4bed23a7fc4a\" style=\"color:#324b80;font-size:16px\"><strong>e)<\/strong>\u00a0c\u00e2nd \u00een urma \u00eencet\u0103rii c\u0103s\u0103toriei prin moartea sau prin declararea judec\u0103toreasc\u0103 a mor\u021bii unuia dintre so\u021bi cel\u0103lalt so\u021b se rec\u0103s\u0103tore\u0219te \u0219i, ca urmare a desfacerii acestei c\u0103s\u0103torii, acesta dore\u0219te s\u0103 poarte numele de familie dob\u00e2ndit la na\u0219tere;<\/p>\n\n\n\n<p class=\"has-text-color has-link-color wp-elements-35db24900cf7903531b395293b4d6011\" style=\"color:#324b80;font-size:16px\"><strong>f)<\/strong>\u00a0c\u00e2nd fostul so\u021b dore\u0219te s\u0103 poarte numele de familie pe care l-a avut \u00een c\u0103s\u0103torie, pentru a avea un nume comun cu copiii, cu consim\u021b\u0103m\u00e2ntul fostului so\u021b, dat \u00een forma autentic\u0103 sau \u00een fa\u021ba ofi\u021berului de stare civil\u0103;<\/p>\n\n\n\n<p class=\"has-text-color has-link-color wp-elements-48471950f296ff3958f656b23f374872\" style=\"color:#324b80;font-size:16px\"><strong>g)<\/strong>\u00a0c\u00e2nd p\u0103rin\u021bii au divor\u021bat, iar p\u0103rintele care a revenit la numele de familie avut anterior c\u0103s\u0103toriei solicit\u0103 pentru copil s\u0103 poarte acela\u0219i nume de familie cu el;<\/p>\n\n\n\n<p class=\"has-text-color has-link-color wp-elements-6bfed478cb45c3ce8aa7e5ffad082932\" style=\"color:#324b80;font-size:16px\"><strong>h)<\/strong>\u00a0c\u00e2nd s-a desf\u0103cut adop\u021bia unei persoane c\u0103s\u0103torite care are copii minori \u0219i \u00een urma desfacerii adop\u021biei persoana \u00een cauz\u0103 revine la numele de familie avut \u00eenainte de adop\u021bie \u0219i dore\u0219te schimbarea numelui de familie al copilului\/copiilor pentru a purta nume de familie comun;<\/p>\n\n\n\n<p class=\"has-text-color has-link-color wp-elements-be988d1e3251b4e82aff76c4611b563c\" style=\"color:#324b80;font-size:16px\"><strong>i)<\/strong>\u00a0c\u00e2nd unul dintre so\u021bi, la \u00eencheierea c\u0103s\u0103toriei, a luat numele de familie al celuilalt so\u021b, nume pe care acesta l-a dob\u00e2ndit prin adop\u021bie, iar ulterior \u00eencheierii c\u0103s\u0103toriei are loc desfacerea adop\u021biei \u0219i cel\u0103lalt so\u021b dore\u0219te s\u0103 poarte nume de familie comun cu acesta;<\/p>\n\n\n\n<p class=\"has-text-color has-link-color wp-elements-bf0a9b529680af705dbaf7338a03e7e3\" style=\"color:#324b80;font-size:16px\"><strong>j)<\/strong>\u00a0c\u00e2nd p\u0103rintele c\u0103ruia i-a fost \u00eencredin\u021bat un minor \u00een urma divor\u021bului solicit\u0103 ca acesta s\u0103-i poarte numele de familie dob\u00e2ndit ca urmare a \u00eencheierii unei noi c\u0103s\u0103torii, cu consim\u021b\u0103m\u00e2ntul so\u021bului \u0219i al celuilalt p\u0103rinte al minorului, dat \u00een form\u0103 autentic\u0103 sau \u00een fa\u021ba ofi\u021berului de stare civil\u0103.(la 02-05-2022, Capitolul II^1 a fost completat de\u00a0<a href=\"https:\/\/legislatie.just.ro\/Public\/DetaliiDocumentAfis\/254482\" target=\"_blank\" rel=\"noreferrer noopener\"><strong>Punctul 52, Articolul I din LEGEA nr. 105 din 20 aprilie 2022, publicat\u0103 \u00een MONITORUL OFICIAL nr. 412 din 29 aprilie 2022<\/strong><\/a>\u00a0)<\/p>\n","protected":false},"excerpt":{"rendered":"<p>(la 02-05-2022, Actul a fost completat de\u00a0Punctul 52, Articolul I din LEGEA nr. 105 din 20 aprilie 2022, publicat\u0103 \u00een MONITORUL OFICIAL nr. 412 din 29 aprilie 2022\u00a0) Articolul 41^1 (1)\u00a0Cet\u0103\u021benii rom\u00e2ni pot ob\u021bine, pentru motive temeinice, schimbarea pe cale administrativ\u0103 a numelui de familie \u0219i a prenumelui sau numai a unuia dintre acestea, \u00een &hellip;<br \/><a href=\"https:\/\/depslobozia.ro\/index.php\/2021\/08\/23\/cazuri-de-schimbare-a-numelui\/\" class=\"more-link pen_button pen_element_default pen_icon_arrow_double\">Cite\u0219te mai mult<\/a><\/p>\n","protected":false},"author":1,"featured_media":0,"comment_status":"closed","ping_status":"open","sticky":false,"template":"","format":"standard","meta":{"footnotes":""},"categories":[1],"tags":[],"class_list":["post-326","post","type-post","status-publish","format-standard","hentry","category-fara-categorie"],"yoast_head":"<!-- This site is optimized with the Yoast SEO plugin v27.5 - https:\/\/yoast.com\/product\/yoast-seo-wordpress\/ -->\r\n<title>Cazuri de schimbare a numelui<\/title>\r\n<meta name=\"description\" content=\"Directia de Evidenta a Persoanelor Slobozia elibereaza si tine evidenta, actelor, certificatelor de stare civil\u0103\" \/>\r\n<meta name=\"robots\" content=\"index, follow, max-snippet:-1, max-image-preview:large, max-video-preview:-1\" \/>\r\n<link rel=\"canonical\" href=\"https:\/\/depslobozia.ro\/index.php\/2021\/08\/23\/cazuri-de-schimbare-a-numelui\/\" \/>\r\n<meta property=\"og:locale\" content=\"ro_RO\" \/>\r\n<meta property=\"og:type\" content=\"article\" \/>\r\n<meta property=\"og:title\" content=\"Cazuri de schimbare a numelui\" \/>\r\n<meta property=\"og:description\" content=\"Directia de Evidenta a Persoanelor Slobozia elibereaza si tine evidenta, actelor, certificatelor de stare civil\u0103\" \/>\r\n<meta property=\"og:url\" content=\"https:\/\/depslobozia.ro\/index.php\/2021\/08\/23\/cazuri-de-schimbare-a-numelui\/\" \/>\r\n<meta property=\"og:site_name\" content=\"SERVICIUL PUBLIC COMUNITAR LOCAL DE EVIDEN\u0162A A PERSOANELOR SLOBOZIA\" \/>\r\n<meta property=\"article:published_time\" content=\"2021-08-23T10:31:32+00:00\" \/>\r\n<meta property=\"article:modified_time\" content=\"2024-09-09T08:44:33+00:00\" \/>\r\n<meta name=\"author\" content=\"directorevpslobozia\" \/>\r\n<meta name=\"twitter:card\" content=\"summary_large_image\" \/>\r\n<meta name=\"twitter:label1\" content=\"Scris de\" \/>\n\t<meta name=\"twitter:data1\" content=\"directorevpslobozia\" \/>\n\t<meta name=\"twitter:label2\" content=\"Timp estimat pentru citire\" \/>\n\t<meta name=\"twitter:data2\" content=\"5 minute\" \/>\r\n<script type=\"application\/ld+json\" class=\"yoast-schema-graph\">{\"@context\":\"https:\\\/\\\/schema.org\",\"@graph\":[{\"@type\":\"Article\",\"@id\":\"https:\\\/\\\/depslobozia.ro\\\/index.php\\\/2021\\\/08\\\/23\\\/cazuri-de-schimbare-a-numelui\\\/#article\",\"isPartOf\":{\"@id\":\"https:\\\/\\\/depslobozia.ro\\\/index.php\\\/2021\\\/08\\\/23\\\/cazuri-de-schimbare-a-numelui\\\/\"},\"author\":{\"name\":\"directorevpslobozia\",\"@id\":\"https:\\\/\\\/depslobozia.ro\\\/#\\\/schema\\\/person\\\/66e7a6571cee5caa64ee827999f5ac35\"},\"headline\":\"Cazuri de schimbare a numelui\",\"datePublished\":\"2021-08-23T10:31:32+00:00\",\"dateModified\":\"2024-09-09T08:44:33+00:00\",\"mainEntityOfPage\":{\"@id\":\"https:\\\/\\\/depslobozia.ro\\\/index.php\\\/2021\\\/08\\\/23\\\/cazuri-de-schimbare-a-numelui\\\/\"},\"wordCount\":1060,\"publisher\":{\"@id\":\"https:\\\/\\\/depslobozia.ro\\\/#organization\"},\"inLanguage\":\"ro-RO\"},{\"@type\":\"WebPage\",\"@id\":\"https:\\\/\\\/depslobozia.ro\\\/index.php\\\/2021\\\/08\\\/23\\\/cazuri-de-schimbare-a-numelui\\\/\",\"url\":\"https:\\\/\\\/depslobozia.ro\\\/index.php\\\/2021\\\/08\\\/23\\\/cazuri-de-schimbare-a-numelui\\\/\",\"name\":\"Cazuri de schimbare a numelui\",\"isPartOf\":{\"@id\":\"https:\\\/\\\/depslobozia.ro\\\/#website\"},\"datePublished\":\"2021-08-23T10:31:32+00:00\",\"dateModified\":\"2024-09-09T08:44:33+00:00\",\"description\":\"Directia de Evidenta a Persoanelor Slobozia elibereaza si tine evidenta, actelor, certificatelor de stare civil\u0103\",\"breadcrumb\":{\"@id\":\"https:\\\/\\\/depslobozia.ro\\\/index.php\\\/2021\\\/08\\\/23\\\/cazuri-de-schimbare-a-numelui\\\/#breadcrumb\"},\"inLanguage\":\"ro-RO\",\"potentialAction\":[{\"@type\":\"ReadAction\",\"target\":[\"https:\\\/\\\/depslobozia.ro\\\/index.php\\\/2021\\\/08\\\/23\\\/cazuri-de-schimbare-a-numelui\\\/\"]}]},{\"@type\":\"BreadcrumbList\",\"@id\":\"https:\\\/\\\/depslobozia.ro\\\/index.php\\\/2021\\\/08\\\/23\\\/cazuri-de-schimbare-a-numelui\\\/#breadcrumb\",\"itemListElement\":[{\"@type\":\"ListItem\",\"position\":1,\"name\":\"Prima pagin\u0103\",\"item\":\"https:\\\/\\\/depslobozia.ro\\\/\"},{\"@type\":\"ListItem\",\"position\":2,\"name\":\"Cazuri de schimbare a numelui\"}]},{\"@type\":\"WebSite\",\"@id\":\"https:\\\/\\\/depslobozia.ro\\\/#website\",\"url\":\"https:\\\/\\\/depslobozia.ro\\\/\",\"name\":\"DIREC\u0162IA DE EVIDEN\u0162A PERSOANELOR SLOBOZIA\",\"description\":\"Municipiul SLOBOZIA\",\"publisher\":{\"@id\":\"https:\\\/\\\/depslobozia.ro\\\/#organization\"},\"potentialAction\":[{\"@type\":\"SearchAction\",\"target\":{\"@type\":\"EntryPoint\",\"urlTemplate\":\"https:\\\/\\\/depslobozia.ro\\\/?s={search_term_string}\"},\"query-input\":{\"@type\":\"PropertyValueSpecification\",\"valueRequired\":true,\"valueName\":\"search_term_string\"}}],\"inLanguage\":\"ro-RO\"},{\"@type\":\"Organization\",\"@id\":\"https:\\\/\\\/depslobozia.ro\\\/#organization\",\"name\":\"Directia de Evidenta Persoanelor Slobozia\",\"url\":\"https:\\\/\\\/depslobozia.ro\\\/\",\"logo\":{\"@type\":\"ImageObject\",\"inLanguage\":\"ro-RO\",\"@id\":\"https:\\\/\\\/depslobozia.ro\\\/#\\\/schema\\\/logo\\\/image\\\/\",\"url\":\"https:\\\/\\\/depslobozia.ro\\\/wp-content\\\/uploads\\\/2021\\\/10\\\/StemSlobozia.png\",\"contentUrl\":\"https:\\\/\\\/depslobozia.ro\\\/wp-content\\\/uploads\\\/2021\\\/10\\\/StemSlobozia.png\",\"width\":68,\"height\":90,\"caption\":\"Directia de Evidenta Persoanelor Slobozia\"},\"image\":{\"@id\":\"https:\\\/\\\/depslobozia.ro\\\/#\\\/schema\\\/logo\\\/image\\\/\"}},{\"@type\":\"Person\",\"@id\":\"https:\\\/\\\/depslobozia.ro\\\/#\\\/schema\\\/person\\\/66e7a6571cee5caa64ee827999f5ac35\",\"name\":\"directorevpslobozia\",\"image\":{\"@type\":\"ImageObject\",\"inLanguage\":\"ro-RO\",\"@id\":\"https:\\\/\\\/secure.gravatar.com\\\/avatar\\\/6f1e69ba319b6b2ee6ee35873e2231dfb9a863d59d1b2d490f20391bffe999ca?s=96&d=mm&r=g\",\"url\":\"https:\\\/\\\/secure.gravatar.com\\\/avatar\\\/6f1e69ba319b6b2ee6ee35873e2231dfb9a863d59d1b2d490f20391bffe999ca?s=96&d=mm&r=g\",\"contentUrl\":\"https:\\\/\\\/secure.gravatar.com\\\/avatar\\\/6f1e69ba319b6b2ee6ee35873e2231dfb9a863d59d1b2d490f20391bffe999ca?s=96&d=mm&r=g\",\"caption\":\"directorevpslobozia\"},\"sameAs\":[\"http:\\\/\\\/evp-slobozia.wsc.ro\"],\"url\":\"https:\\\/\\\/depslobozia.ro\\\/index.php\\\/author\\\/directorevpslobozia\\\/\"}]}<\/script>\r\n<!-- \/ Yoast SEO plugin. -->","yoast_head_json":{"title":"Cazuri de schimbare a numelui","description":"Directia de Evidenta a Persoanelor Slobozia elibereaza si tine evidenta, actelor, certificatelor de stare civil\u0103","robots":{"index":"index","follow":"follow","max-snippet":"max-snippet:-1","max-image-preview":"max-image-preview:large","max-video-preview":"max-video-preview:-1"},"canonical":"https:\/\/depslobozia.ro\/index.php\/2021\/08\/23\/cazuri-de-schimbare-a-numelui\/","og_locale":"ro_RO","og_type":"article","og_title":"Cazuri de schimbare a numelui","og_description":"Directia de Evidenta a Persoanelor Slobozia elibereaza si tine evidenta, actelor, certificatelor de stare civil\u0103","og_url":"https:\/\/depslobozia.ro\/index.php\/2021\/08\/23\/cazuri-de-schimbare-a-numelui\/","og_site_name":"SERVICIUL PUBLIC COMUNITAR LOCAL DE EVIDEN\u0162A A PERSOANELOR SLOBOZIA","article_published_time":"2021-08-23T10:31:32+00:00","article_modified_time":"2024-09-09T08:44:33+00:00","author":"directorevpslobozia","twitter_card":"summary_large_image","twitter_misc":{"Scris de":"directorevpslobozia","Timp estimat pentru citire":"5 minute"},"schema":{"@context":"https:\/\/schema.org","@graph":[{"@type":"Article","@id":"https:\/\/depslobozia.ro\/index.php\/2021\/08\/23\/cazuri-de-schimbare-a-numelui\/#article","isPartOf":{"@id":"https:\/\/depslobozia.ro\/index.php\/2021\/08\/23\/cazuri-de-schimbare-a-numelui\/"},"author":{"name":"directorevpslobozia","@id":"https:\/\/depslobozia.ro\/#\/schema\/person\/66e7a6571cee5caa64ee827999f5ac35"},"headline":"Cazuri de schimbare a numelui","datePublished":"2021-08-23T10:31:32+00:00","dateModified":"2024-09-09T08:44:33+00:00","mainEntityOfPage":{"@id":"https:\/\/depslobozia.ro\/index.php\/2021\/08\/23\/cazuri-de-schimbare-a-numelui\/"},"wordCount":1060,"publisher":{"@id":"https:\/\/depslobozia.ro\/#organization"},"inLanguage":"ro-RO"},{"@type":"WebPage","@id":"https:\/\/depslobozia.ro\/index.php\/2021\/08\/23\/cazuri-de-schimbare-a-numelui\/","url":"https:\/\/depslobozia.ro\/index.php\/2021\/08\/23\/cazuri-de-schimbare-a-numelui\/","name":"Cazuri de schimbare a numelui","isPartOf":{"@id":"https:\/\/depslobozia.ro\/#website"},"datePublished":"2021-08-23T10:31:32+00:00","dateModified":"2024-09-09T08:44:33+00:00","description":"Directia de Evidenta a Persoanelor Slobozia elibereaza si tine evidenta, actelor, certificatelor de stare civil\u0103","breadcrumb":{"@id":"https:\/\/depslobozia.ro\/index.php\/2021\/08\/23\/cazuri-de-schimbare-a-numelui\/#breadcrumb"},"inLanguage":"ro-RO","potentialAction":[{"@type":"ReadAction","target":["https:\/\/depslobozia.ro\/index.php\/2021\/08\/23\/cazuri-de-schimbare-a-numelui\/"]}]},{"@type":"BreadcrumbList","@id":"https:\/\/depslobozia.ro\/index.php\/2021\/08\/23\/cazuri-de-schimbare-a-numelui\/#breadcrumb","itemListElement":[{"@type":"ListItem","position":1,"name":"Prima pagin\u0103","item":"https:\/\/depslobozia.ro\/"},{"@type":"ListItem","position":2,"name":"Cazuri de schimbare a numelui"}]},{"@type":"WebSite","@id":"https:\/\/depslobozia.ro\/#website","url":"https:\/\/depslobozia.ro\/","name":"DIREC\u0162IA DE EVIDEN\u0162A PERSOANELOR SLOBOZIA","description":"Municipiul SLOBOZIA","publisher":{"@id":"https:\/\/depslobozia.ro\/#organization"},"potentialAction":[{"@type":"SearchAction","target":{"@type":"EntryPoint","urlTemplate":"https:\/\/depslobozia.ro\/?s={search_term_string}"},"query-input":{"@type":"PropertyValueSpecification","valueRequired":true,"valueName":"search_term_string"}}],"inLanguage":"ro-RO"},{"@type":"Organization","@id":"https:\/\/depslobozia.ro\/#organization","name":"Directia de Evidenta Persoanelor Slobozia","url":"https:\/\/depslobozia.ro\/","logo":{"@type":"ImageObject","inLanguage":"ro-RO","@id":"https:\/\/depslobozia.ro\/#\/schema\/logo\/image\/","url":"https:\/\/depslobozia.ro\/wp-content\/uploads\/2021\/10\/StemSlobozia.png","contentUrl":"https:\/\/depslobozia.ro\/wp-content\/uploads\/2021\/10\/StemSlobozia.png","width":68,"height":90,"caption":"Directia de Evidenta Persoanelor Slobozia"},"image":{"@id":"https:\/\/depslobozia.ro\/#\/schema\/logo\/image\/"}},{"@type":"Person","@id":"https:\/\/depslobozia.ro\/#\/schema\/person\/66e7a6571cee5caa64ee827999f5ac35","name":"directorevpslobozia","image":{"@type":"ImageObject","inLanguage":"ro-RO","@id":"https:\/\/secure.gravatar.com\/avatar\/6f1e69ba319b6b2ee6ee35873e2231dfb9a863d59d1b2d490f20391bffe999ca?s=96&d=mm&r=g","url":"https:\/\/secure.gravatar.com\/avatar\/6f1e69ba319b6b2ee6ee35873e2231dfb9a863d59d1b2d490f20391bffe999ca?s=96&d=mm&r=g","contentUrl":"https:\/\/secure.gravatar.com\/avatar\/6f1e69ba319b6b2ee6ee35873e2231dfb9a863d59d1b2d490f20391bffe999ca?s=96&d=mm&r=g","caption":"directorevpslobozia"},"sameAs":["http:\/\/evp-slobozia.wsc.ro"],"url":"https:\/\/depslobozia.ro\/index.php\/author\/directorevpslobozia\/"}]}},"_links":{"self":[{"href":"https:\/\/depslobozia.ro\/index.php\/wp-json\/wp\/v2\/posts\/326","targetHints":{"allow":["GET"]}}],"collection":[{"href":"https:\/\/depslobozia.ro\/index.php\/wp-json\/wp\/v2\/posts"}],"about":[{"href":"https:\/\/depslobozia.ro\/index.php\/wp-json\/wp\/v2\/types\/post"}],"author":[{"embeddable":true,"href":"https:\/\/depslobozia.ro\/index.php\/wp-json\/wp\/v2\/users\/1"}],"replies":[{"embeddable":true,"href":"https:\/\/depslobozia.ro\/index.php\/wp-json\/wp\/v2\/comments?post=326"}],"version-history":[{"count":5,"href":"https:\/\/depslobozia.ro\/index.php\/wp-json\/wp\/v2\/posts\/326\/revisions"}],"predecessor-version":[{"id":2018,"href":"https:\/\/depslobozia.ro\/index.php\/wp-json\/wp\/v2\/posts\/326\/revisions\/2018"}],"wp:attachment":[{"href":"https:\/\/depslobozia.ro\/index.php\/wp-json\/wp\/v2\/media?parent=326"}],"wp:term":[{"taxonomy":"category","embeddable":true,"href":"https:\/\/depslobozia.ro\/index.php\/wp-json\/wp\/v2\/categories?post=326"},{"taxonomy":"post_tag","embeddable":true,"href":"https:\/\/depslobozia.ro\/index.php\/wp-json\/wp\/v2\/tags?post=326"}],"curies":[{"name":"wp","href":"https:\/\/api.w.org\/{rel}","templated":true}]}}